{"id":43682,"date":"2024-06-14T15:08:25","date_gmt":"2024-06-14T22:08:25","guid":{"rendered":"https:\/\/www.puntociegoeditorial.com\/web\/?p=43682"},"modified":"2024-06-14T15:08:25","modified_gmt":"2024-06-14T22:08:25","slug":"sectur-promociona-el-turismo-medico-de-culiacan-con-medios-nacionales","status":"publish","type":"post","link":"https:\/\/www.puntociegoeditorial.com\/web\/2024\/06\/14\/sectur-promociona-el-turismo-medico-de-culiacan-con-medios-nacionales\/","title":{"rendered":"Sectur promociona el Turismo M\u00e9dico de Culiac\u00e1n con medios nacionales"},"content":{"rendered":"\n<p>Culiac\u00e1n, Sin., a 14 de junio de 2024.- La Secretar\u00eda de Turismo de Sinaloa y la direcci\u00f3n de Turismo Municipal promovieron un viaje de familiarizaci\u00f3n del destino durante dos d\u00edas (que culmin\u00f3 hoy), a periodistas de medios nacionales que cubren la industria de reuniones y el rubro de servicios de la salud, acompa\u00f1ados de m\u00e9dicos especializados de Culiac\u00e1n, para promover y fortalecer el turismo m\u00e9dico en esta ciudad.<br>La directora de Proyectos Especiales, Jazm\u00edn Nava Inda, a nombre del representante de la Sectur, Ricardo Velarde C\u00e1rdenas, extern\u00f3 que este \u201cfam trip\u201d se ofreci\u00f3 a los representantes period\u00edsticos con el prop\u00f3sito de que vivan y gocen la experiencia de un destino tur\u00edstico en primera persona y que tengan un mejor conocimiento de lo que ofrece cada lugar y obtener una concordancia m\u00e1s cercana, para optimizar la comercializaci\u00f3n.<br>La funcionaria estatal dio a conocer que tambi\u00e9n se les ofreci\u00f3 un recorrido a los periodistas por los diferentes sitios de atractivo tur\u00edstico de la capital sinaloense, adem\u00e1s de la playa de Altata en Navolato; Mocorito, donde conocieron el reci\u00e9n inaugurado museo de Los Tigres del Norte, entre otros sitios de inter\u00e9s, en los que adem\u00e1s de darles a conocer su historia, arte y cultura, disfrutaron de la exquisita gastronom\u00eda que distingue a cada uno de estos lugares, as\u00ed como del trato afable de su gente.<br>En el \u00e1mbito del Turismo M\u00e9dico, Nava Inda indic\u00f3 que se trabajar\u00e1 de manera coordinada para crear un \u2018cl\u00faster m\u00e9dico\u2019 con el que se impulse el turismo en la salud.<br>Por su parte, la titular de turismo municipal, Brianda Crystal Murillo Meza, dijo que el turismo m\u00e9dico es una opci\u00f3n para atraer visitantes a la capital sinaloense con lo que se lograr\u00eda una importante derrama econ\u00f3mica para el sector.<br>Esta uni\u00f3n entre el sector salud y el turismo ayudan al progreso de la localidad y fortalece su perspectiva como un destino de clase mundial, por lo que se trabajar\u00e1 para fortalecer este rubro como un atractivo m\u00e1s de la ciudad, puntualiz\u00f3.<\/p>\n\n\n\n\n\n<figure class=\"wp-block-gallery has-nested-images columns-default is-cropped wp-block-gallery-1 is-layout-flex wp-block-gallery-is-layout-flex\">\n<figure class=\"wp-block-image size-large\"><img loading=\"lazy\" decoding=\"async\" width=\"1024\" height=\"576\" data-id=\"43689\" src=\"https:\/\/www.puntociegoeditorial.com\/web\/wp-content\/uploads\/2024\/06\/9354cb95-8131-4c6f-967d-7325731a1ad4-1-1024x576.jpeg\" alt=\"\" class=\"wp-image-43689\" srcset=\"https:\/\/www.puntociegoeditorial.com\/web\/wp-content\/uploads\/2024\/06\/9354cb95-8131-4c6f-967d-7325731a1ad4-1-1024x576.jpeg 1024w, https:\/\/www.puntociegoeditorial.com\/web\/wp-content\/uploads\/2024\/06\/9354cb95-8131-4c6f-967d-7325731a1ad4-1-300x169.jpeg 300w, https:\/\/www.puntociegoeditorial.com\/web\/wp-content\/uploads\/2024\/06\/9354cb95-8131-4c6f-967d-7325731a1ad4-1-768x432.jpeg 768w, https:\/\/www.puntociegoeditorial.com\/web\/wp-content\/uploads\/2024\/06\/9354cb95-8131-4c6f-967d-7325731a1ad4-1.jpeg 1280w\" sizes=\"auto, (max-width: 1024px) 100vw, 1024px\" \/><\/figure>\n\n\n\n<figure class=\"wp-block-image size-large\"><img loading=\"lazy\" decoding=\"async\" width=\"1024\" height=\"576\" data-id=\"43688\" src=\"https:\/\/www.puntociegoeditorial.com\/web\/wp-content\/uploads\/2024\/06\/5311cefa-4075-47d1-af19-2abe9096535f-1-1024x576.jpeg\" alt=\"\" class=\"wp-image-43688\" srcset=\"https:\/\/www.puntociegoeditorial.com\/web\/wp-content\/uploads\/2024\/06\/5311cefa-4075-47d1-af19-2abe9096535f-1-1024x576.jpeg 1024w, https:\/\/www.puntociegoeditorial.com\/web\/wp-content\/uploads\/2024\/06\/5311cefa-4075-47d1-af19-2abe9096535f-1-300x169.jpeg 300w, https:\/\/www.puntociegoeditorial.com\/web\/wp-content\/uploads\/2024\/06\/5311cefa-4075-47d1-af19-2abe9096535f-1-768x432.jpeg 768w, https:\/\/www.puntociegoeditorial.com\/web\/wp-content\/uploads\/2024\/06\/5311cefa-4075-47d1-af19-2abe9096535f-1.jpeg 1280w\" sizes=\"auto, (max-width: 1024px) 100vw, 1024px\" \/><\/figure>\n\n\n\n<figure class=\"wp-block-image size-large\"><img loading=\"lazy\" decoding=\"async\" width=\"1024\" height=\"576\" data-id=\"43687\" src=\"https:\/\/www.puntociegoeditorial.com\/web\/wp-content\/uploads\/2024\/06\/52450d5c-e662-4cc6-998b-0f5e1ef5d5fb-1-1024x576.jpeg\" alt=\"\" class=\"wp-image-43687\" srcset=\"https:\/\/www.puntociegoeditorial.com\/web\/wp-content\/uploads\/2024\/06\/52450d5c-e662-4cc6-998b-0f5e1ef5d5fb-1-1024x576.jpeg 1024w, https:\/\/www.puntociegoeditorial.com\/web\/wp-content\/uploads\/2024\/06\/52450d5c-e662-4cc6-998b-0f5e1ef5d5fb-1-300x169.jpeg 300w, https:\/\/www.puntociegoeditorial.com\/web\/wp-content\/uploads\/2024\/06\/52450d5c-e662-4cc6-998b-0f5e1ef5d5fb-1-768x432.jpeg 768w, https:\/\/www.puntociegoeditorial.com\/web\/wp-content\/uploads\/2024\/06\/52450d5c-e662-4cc6-998b-0f5e1ef5d5fb-1.jpeg 1280w\" sizes=\"auto, (max-width: 1024px) 100vw, 1024px\" \/><\/figure>\n<\/figure>\n","protected":false},"excerpt":{"rendered":"<p>Culiac\u00e1n, Sin., a 14 de junio de 2024.- La Secretar\u00eda de Turismo de Sinaloa y la direcci\u00f3n de Turismo Municipal promovieron un viaje de familiarizaci\u00f3n del destino durante dos d\u00edas (que culmin\u00f3 hoy), a periodistas de medios nacionales que cubren la industria de reuniones y el rubro de servicios de la salud, acompa\u00f1ados de m\u00e9dicos [&hellip;]<\/p>\n","protected":false},"author":2,"featured_media":43686,"comment_status":"closed","ping_status":"open","sticky":false,"template":"","format":"standard","meta":{"_mi_skip_tracking":false,"footnotes":""},"categories":[13],"tags":[],"class_list":["post-43682","post","type-post","status-publish","format-standard","has-post-thumbnail","hentry","category-sinaloa"],"_links":{"self":[{"href":"https:\/\/www.puntociegoeditorial.com\/web\/wp-json\/wp\/v2\/posts\/43682","targetHints":{"allow":["GET"]}}],"collection":[{"href":"https:\/\/www.puntociegoeditorial.com\/web\/wp-json\/wp\/v2\/posts"}],"about":[{"href":"https:\/\/www.puntociegoeditorial.com\/web\/wp-json\/wp\/v2\/types\/post"}],"author":[{"embeddable":true,"href":"https:\/\/www.puntociegoeditorial.com\/web\/wp-json\/wp\/v2\/users\/2"}],"replies":[{"embeddable":true,"href":"https:\/\/www.puntociegoeditorial.com\/web\/wp-json\/wp\/v2\/comments?post=43682"}],"version-history":[{"count":1,"href":"https:\/\/www.puntociegoeditorial.com\/web\/wp-json\/wp\/v2\/posts\/43682\/revisions"}],"predecessor-version":[{"id":43690,"href":"https:\/\/www.puntociegoeditorial.com\/web\/wp-json\/wp\/v2\/posts\/43682\/revisions\/43690"}],"wp:featuredmedia":[{"embeddable":true,"href":"https:\/\/www.puntociegoeditorial.com\/web\/wp-json\/wp\/v2\/media\/43686"}],"wp:attachment":[{"href":"https:\/\/www.puntociegoeditorial.com\/web\/wp-json\/wp\/v2\/media?parent=43682"}],"wp:term":[{"taxonomy":"category","embeddable":true,"href":"https:\/\/www.puntociegoeditorial.com\/web\/wp-json\/wp\/v2\/categories?post=43682"},{"taxonomy":"post_tag","embeddable":true,"href":"https:\/\/www.puntociegoeditorial.com\/web\/wp-json\/wp\/v2\/tags?post=43682"}],"curies":[{"name":"wp","href":"https:\/\/api.w.org\/{rel}","templated":true}]}}