{"id":43693,"date":"2024-06-14T16:05:46","date_gmt":"2024-06-14T23:05:46","guid":{"rendered":"https:\/\/www.puntociegoeditorial.com\/web\/?p=43693"},"modified":"2024-06-14T16:05:46","modified_gmt":"2024-06-14T23:05:46","slug":"acrodesin-hace-oficial-propuesta-de-jorge-luis-telles-salazar","status":"publish","type":"post","link":"https:\/\/www.puntociegoeditorial.com\/web\/2024\/06\/14\/acrodesin-hace-oficial-propuesta-de-jorge-luis-telles-salazar\/","title":{"rendered":"ACRODESIN hace oficial propuesta de Jorge Luis T\u00e9lles Salazar"},"content":{"rendered":"\n<p>Entregan documentaci\u00f3n a Rafael David Flores Gonz\u00e1lez, coordinador del Sal\u00f3n de La Fama Municipal<\/p>\n\n\n\n<p>Atendiendo a lo que establece la convocatoria que en su momento se emiti\u00f3 por el IMDEC, la Asociaci\u00f3n de Cronistas Deportivos del Estado de Sinaloa (ACRODESIN), registr\u00f3 a Jorge Luis T\u00e9lles Salazar como su candidato en el rubro de Cronista Deportivo en busca de ser electo como nuevo miembro del Sal\u00f3n de La Fama al M\u00e9rito Municipal.<br>Rafael David Flores Gonz\u00e1lez,<br>Coordinador del Sal\u00f3n de La Fama, recibi\u00f3 la documentaci\u00f3n requerida en breve ceremonia realizada al interior del recinto de los Inmortales.<br>Ah\u00ed acudi\u00f3 Jorge Luis T\u00e9lles Salazar, quien se hizo acompa\u00f1ar de David Vel\u00e1zquez Robles y Fausto Manuel Casta\u00f1os Sapi\u00e9n, presidente y tesorero de ACRODESIN, en ese orden.<br>T\u00e9lles Salazar cuenta con una experiencia de m\u00e1s de 50 a\u00f1os en la Cr\u00f3nica Deportiva.<br>Al momento, aparte de T\u00e9lles Salazar, est\u00e1 registrado Jos\u00e9 Humberto Garc\u00eda Ram\u00edrez, \u00e9ste en el apartado de Promotor Deportivo.<br>Los registros se cerrar\u00e1n el jueves 20 de junio a las 13:00 horas.<\/p>\n\n\n\n<p>QUI\u00c9N ES JORGE LUIS T\u00c9LLES SALAZAR<\/p>\n\n\n\n<p>A ingresar al Sal\u00f3n de La Fama al M\u00e9rito Municipal de Culiac\u00e1n en el rubro de \u201cCr\u00f3nica Deportiva\u201d, lo avalan m\u00e1s de 50 a\u00f1os, pues su carrera profesional se inici\u00f3 el 24 de abril de 1972 en El Sol de Sinaloa.<br>&#8211;A pesar de dar el salto de la Cr\u00f3nica Deportiva a la informaci\u00f3n general en junio de 1980, tras ocho a\u00f1os de trabajar para la secci\u00f3n deportiva del rotativo el Sol de Sinaloa, todo el tiempo se ha mantenido presente en el \u00e1mbito deportivo a trav\u00e9s de su columna Palco Premier, especializada en beisbol profesional.<br>La columna Palco Premier se public\u00f3 en El Sol de Sinaloa &#8211;del cual fue director durante 20 a\u00f1os \u2013 desde 1973 y hasta el 15 de diciembre de 2010. Posteriormente su presencia fue mediante el portal de internet www.jorgeluistelles.com y de otros sitios que hicieron suya la colaboraci\u00f3n; entre ellos, la p\u00e1gina oficial de Tomateros de Culiac\u00e1n; la s\u00edntesis informativa del doctor H\u00e9ctor Mu\u00f1oz; alternativa noticias y vida p\u00fablica, as\u00ed como otras plataformas y redes sociales.<\/p>\n\n\n\n<p>LOGROS<\/p>\n\n\n\n<p>PRENSA ESCRITA:<\/p>\n\n\n\n<p>&#8211;Cobertura de las siguientes series del Caribe: Hermosillo 1974, Rep\u00fablica Dominicana 1976, Venezuela 1977, Mazatl\u00e1n 1978, Puerto Rico 1979, Rep\u00fablica Dominicana 1980, Hermosillo 1982 y Mazatl\u00e1n 1985.<br>&#8211;Cobertura de la Liga Mexicana del Pac\u00edfico, desde la temporada 1972-1973 hasta la 1979-1980.<\/p>\n\n\n\n<p>&#8211;Cobertura de los campeonatos nacionales de beisbol amateur Aguascalientes 1973 y La Paz 1974.<\/p>\n\n\n\n<p>CICLISMO<\/p>\n\n\n\n<p>&#8211;Primera carrera transpeninsular de Tijuana a La Paz, en 1973.<br>&#8211;Carrera Sinaloa-1977, con la participaci\u00f3n de grandes figuras del ciclismo a nivel internacional.<\/p>\n\n\n\n<p>BOXEO<\/p>\n\n\n\n<p>&#8211;Cobertura de la pelea por el campeonato mundial de peso gallo entre Carlos Z\u00e1rate y Waringe Nakayama.<br>&#8211;Temporadas de box profesional: 1972, 1973, 1974, 1975, 1976, 1977, 1978, 1979 y 1980.<\/p>\n\n\n\n<p>RADIO:<\/p>\n\n\n\n<p>&#8211;Comentarista de las transmisiones de los juegos de beisbol de Tomateros de Culiac\u00e1n en el estadio \u201c\u00c1ngel Flores\u201d, al lado del decano Agust\u00edn D. Valdez, desde la temporada 1975-1976 hasta la 1979-1980.<br>&#8211;Titular del programa Pre\u00e1mbulos Deportivos, durante las mismas temporadas.<br>&#8211;Titular del programa Numeritos Finales, a lo largo de las mismas temporadas.<\/p>\n\n\n\n<p>TV:<\/p>\n\n\n\n<p>&#8211;Precursor de las transmisiones en vivo, al lado de Roy Campos Patterson y Agust\u00edn D. Valdez, en 1978 y 1979.<br>&#8211;Titular del programa Depor-Tres, en 1979 y 1980.<\/p>\n\n\n\n<p>GALARDONES<\/p>\n\n\n\n<p>&#8211;Premio Sinaloa de Periodismo 1980 a la Cr\u00f3nica Deportiva.<\/p>\n\n\n\n<p>OTROS:<\/p>\n\n\n\n<p>-Primer presidente del C\u00edrculo de Cronistas Deportivos de Culiac\u00e1n (hoy ACRODESIN) en 1978, gesti\u00f3n en la que se obtienen los siguientes logros:<\/p>\n\n\n\n<p>1.- Inclusi\u00f3n del g\u00e9nero Cr\u00f3nica Deportiva en el Premio Sinaloa de Periodismo, instituido por el gobierno del Estado de Sinaloa.<br>2.- Obtenci\u00f3n de un viaje a la Serie del Caribe (fuera del pa\u00eds) con todo incluido para un representante del C\u00edrculo de Cronistas Deportivos de Culiac\u00e1n, lo que tuvo lugar en 1978 y 1979, en beneficio de Juan Ram\u00f3n Riveros (Noroeste) y Heriberto Mill\u00e1n God\u00ednez (1979). Gestiones realizadas ante la presidencia de la Liga Mexicana del Pac\u00edfico, encabezada por Horacio L\u00f3pez D\u00edaz.<br>3.- Realizaci\u00f3n del primer carnaval deportivo, en 1978.<br>4.- Elaboraci\u00f3n del proyecto Colhuacan, para premiar, anualmente, a los deportistas m\u00e1s distinguidos de la municipalidad, plan que careci\u00f3 del apoyo econ\u00f3mico de las instancias competentes.<\/p>\n\n\n\n<p>ACTIVIDADES DE PROMOCION:<\/p>\n\n\n\n<p>-Vicepresidente de la liga Culiac\u00e1n de Beisbol Infantil y Juvenil, al lado del doctor Humberto Rodelo (1974).<br>-Presidente de la liga de beisbol infantil y juvenil Aztecas del Valle (1978).<br>-Presidente de la liga de beisbol infantil y juvenil Tomateritos de Culiac\u00e1n (1979-1980).<br>-Impulsor del deporte del softbol, en respaldo a la Asociaci\u00f3n de Periodistas del Estado de Sinaloa.<\/p>\n\n\n\n<p><\/p>\n","protected":false},"excerpt":{"rendered":"<p>Entregan documentaci\u00f3n a Rafael David Flores Gonz\u00e1lez, coordinador del Sal\u00f3n de La Fama Municipal Atendiendo a lo que establece la convocatoria que en su momento se emiti\u00f3 por el IMDEC, la Asociaci\u00f3n de Cronistas Deportivos del Estado de Sinaloa (ACRODESIN), registr\u00f3 a Jorge Luis T\u00e9lles Salazar como su candidato en el rubro de Cronista Deportivo [&hellip;]<\/p>\n","protected":false},"author":2,"featured_media":43694,"comment_status":"closed","ping_status":"open","sticky":false,"template":"","format":"standard","meta":{"_mi_skip_tracking":false,"footnotes":""},"categories":[12],"tags":[],"class_list":["post-43693","post","type-post","status-publish","format-standard","has-post-thumbnail","hentry","category-ciudad"],"_links":{"self":[{"href":"https:\/\/www.puntociegoeditorial.com\/web\/wp-json\/wp\/v2\/posts\/43693","targetHints":{"allow":["GET"]}}],"collection":[{"href":"https:\/\/www.puntociegoeditorial.com\/web\/wp-json\/wp\/v2\/posts"}],"about":[{"href":"https:\/\/www.puntociegoeditorial.com\/web\/wp-json\/wp\/v2\/types\/post"}],"author":[{"embeddable":true,"href":"https:\/\/www.puntociegoeditorial.com\/web\/wp-json\/wp\/v2\/users\/2"}],"replies":[{"embeddable":true,"href":"https:\/\/www.puntociegoeditorial.com\/web\/wp-json\/wp\/v2\/comments?post=43693"}],"version-history":[{"count":1,"href":"https:\/\/www.puntociegoeditorial.com\/web\/wp-json\/wp\/v2\/posts\/43693\/revisions"}],"predecessor-version":[{"id":43695,"href":"https:\/\/www.puntociegoeditorial.com\/web\/wp-json\/wp\/v2\/posts\/43693\/revisions\/43695"}],"wp:featuredmedia":[{"embeddable":true,"href":"https:\/\/www.puntociegoeditorial.com\/web\/wp-json\/wp\/v2\/media\/43694"}],"wp:attachment":[{"href":"https:\/\/www.puntociegoeditorial.com\/web\/wp-json\/wp\/v2\/media?parent=43693"}],"wp:term":[{"taxonomy":"category","embeddable":true,"href":"https:\/\/www.puntociegoeditorial.com\/web\/wp-json\/wp\/v2\/categories?post=43693"},{"taxonomy":"post_tag","embeddable":true,"href":"https:\/\/www.puntociegoeditorial.com\/web\/wp-json\/wp\/v2\/tags?post=43693"}],"curies":[{"name":"wp","href":"https:\/\/api.w.org\/{rel}","templated":true}]}}