{"id":438,"date":"2021-09-01T13:02:12","date_gmt":"2021-09-01T19:02:12","guid":{"rendered":"https:\/\/puntociegoeditorial.com\/web\/?p=438"},"modified":"2021-09-01T13:02:12","modified_gmt":"2021-09-01T19:02:12","slug":"ayuntamiento-de-el-fuerte-atiende-derrumbe-en-el-malecon-del-pueblo-magico","status":"publish","type":"post","link":"https:\/\/www.puntociegoeditorial.com\/web\/2021\/09\/01\/ayuntamiento-de-el-fuerte-atiende-derrumbe-en-el-malecon-del-pueblo-magico\/","title":{"rendered":"Ayuntamiento de El Fuerte atiende derrumbe en el malec\u00f3n del pueblo m\u00e1gico"},"content":{"rendered":"\n<p>El Fuerte, Sin.- Despu\u00e9s de haberse presentado el derrumbe de un tramo de pared en el malec\u00f3n del pueblo m\u00e1gico debido a las lluvias del d\u00eda 31 de agosto, personal de la Direcci\u00f3n de Seguridad P\u00fablica y de Protecci\u00f3n Civil se apersonaron en el lugar para acordonar la zona y evitar alg\u00fan accidente.<\/p>\n\n\n\n<p>Desde temprana hora este d\u00eda mi\u00e9rcoles, trabajadores de la Direcci\u00f3n de Obras y Servicios P\u00fablicos llegaron al lugar para realizar los trabajos de limpieza correspondientes y poder liberar el sitio que es utilizado por turistas y residentes del municipio para realizar actividades f\u00edsicas y recreativas.<\/p>\n\n\n\n<p>Hasta el momento se realizar\u00e1n los peritajes correspondientes por parte de la Direcci\u00f3n de Obras P\u00fablicas y Protecci\u00f3n Civil con la finalidad de proceder con la reparaci\u00f3n del muro derrumbado.<\/p>\n","protected":false},"excerpt":{"rendered":"<p>El Fuerte, Sin.- Despu\u00e9s de haberse presentado el derrumbe de un tramo de pared en el malec\u00f3n del pueblo m\u00e1gico debido a las lluvias del d\u00eda 31 de agosto, personal de la Direcci\u00f3n de Seguridad P\u00fablica y de Protecci\u00f3n Civil se apersonaron en el lugar para acordonar la zona y evitar alg\u00fan accidente. Desde temprana [&hellip;]<\/p>\n","protected":false},"author":2,"featured_media":439,"comment_status":"open","ping_status":"open","sticky":false,"template":"","format":"standard","meta":{"_mi_skip_tracking":false,"footnotes":""},"categories":[13],"tags":[33,122,25,21],"class_list":["post-438","post","type-post","status-publish","format-standard","has-post-thumbnail","hentry","category-sinaloa","tag-el-fuerte","tag-obras-publicas","tag-proteccion-civil","tag-sinaloa"],"_links":{"self":[{"href":"https:\/\/www.puntociegoeditorial.com\/web\/wp-json\/wp\/v2\/posts\/438","targetHints":{"allow":["GET"]}}],"collection":[{"href":"https:\/\/www.puntociegoeditorial.com\/web\/wp-json\/wp\/v2\/posts"}],"about":[{"href":"https:\/\/www.puntociegoeditorial.com\/web\/wp-json\/wp\/v2\/types\/post"}],"author":[{"embeddable":true,"href":"https:\/\/www.puntociegoeditorial.com\/web\/wp-json\/wp\/v2\/users\/2"}],"replies":[{"embeddable":true,"href":"https:\/\/www.puntociegoeditorial.com\/web\/wp-json\/wp\/v2\/comments?post=438"}],"version-history":[{"count":1,"href":"https:\/\/www.puntociegoeditorial.com\/web\/wp-json\/wp\/v2\/posts\/438\/revisions"}],"predecessor-version":[{"id":440,"href":"https:\/\/www.puntociegoeditorial.com\/web\/wp-json\/wp\/v2\/posts\/438\/revisions\/440"}],"wp:featuredmedia":[{"embeddable":true,"href":"https:\/\/www.puntociegoeditorial.com\/web\/wp-json\/wp\/v2\/media\/439"}],"wp:attachment":[{"href":"https:\/\/www.puntociegoeditorial.com\/web\/wp-json\/wp\/v2\/media?parent=438"}],"wp:term":[{"taxonomy":"category","embeddable":true,"href":"https:\/\/www.puntociegoeditorial.com\/web\/wp-json\/wp\/v2\/categories?post=438"},{"taxonomy":"post_tag","embeddable":true,"href":"https:\/\/www.puntociegoeditorial.com\/web\/wp-json\/wp\/v2\/tags?post=438"}],"curies":[{"name":"wp","href":"https:\/\/api.w.org\/{rel}","templated":true}]}}