{"id":46592,"date":"2024-09-30T11:25:32","date_gmt":"2024-09-30T18:25:32","guid":{"rendered":"https:\/\/www.puntociegoeditorial.com\/web\/?p=46592"},"modified":"2024-09-30T11:25:32","modified_gmt":"2024-09-30T18:25:32","slug":"asesinan-al-lider-ganadero-faustino-hernandez-en-culiacan","status":"publish","type":"post","link":"https:\/\/www.puntociegoeditorial.com\/web\/2024\/09\/30\/asesinan-al-lider-ganadero-faustino-hernandez-en-culiacan\/","title":{"rendered":"Asesinan al l\u00edder ganadero Faustino Hern\u00e1ndez en Culiac\u00e1n"},"content":{"rendered":"\n<p>El presidente de la Asociaci\u00f3n Regional Ganadera de Sinaloa, Faustino Hern\u00e1ndez fue asesinado este lunes por la ma\u00f1ana cuando transitaba por calles del Desarrollo Urbano Tres R\u00edos, luego de que sujetos armados atentaran contra su persona y su acompa\u00f1ante.<\/p>\n\n\n\n<p>Autoridades de seguridad p\u00fablica fueron alertados de que a la altura del parque Alameda, dos personas hab\u00edan sido atacadas a balazos por sujetos desconocidos.<\/p>\n\n\n\n<p>Los hechos sucedieron por la calle David Alfaro Siqueiros entre el boulevard S\u00e1nchez Alonso y Catedr\u00e1ticos, en el sector antes mencionado.<\/p>\n\n\n\n<p>Justamente a esa altura se encuentran ubicados el conjunto habitacional conocido como departamentos Clamond, d\u00f3nde el pasado s\u00e1bado 21 de septiembre se present\u00f3 un enfrentamiento entre civiles armados y elementos de los tres \u00f3rdenes de gobierno, d\u00f3nde fallecieron tres personas.<\/p>\n\n\n\n<p>En este atentado tambi\u00e9n se confirm\u00f3 la muerte del asistente de qui\u00e9n fuera l\u00edder ganadero y candidato a la presidencia municipal de Culiac\u00e1n por la coalici\u00f3n PRI, PAN, PRD en el a\u00f1o 2021, adem\u00e1s ostent\u00f3 diversos cargos en la pol\u00edtica como diputados federal por el PRI.<\/p>\n","protected":false},"excerpt":{"rendered":"<p>El presidente de la Asociaci\u00f3n Regional Ganadera de Sinaloa, Faustino Hern\u00e1ndez fue asesinado este lunes por la ma\u00f1ana cuando transitaba por calles del Desarrollo Urbano Tres R\u00edos, luego de que sujetos armados atentaran contra su persona y su acompa\u00f1ante. Autoridades de seguridad p\u00fablica fueron alertados de que a la altura del parque Alameda, dos personas [&hellip;]<\/p>\n","protected":false},"author":2,"featured_media":46593,"comment_status":"closed","ping_status":"open","sticky":false,"template":"","format":"standard","meta":{"_mi_skip_tracking":false,"footnotes":""},"categories":[12],"tags":[],"class_list":["post-46592","post","type-post","status-publish","format-standard","has-post-thumbnail","hentry","category-ciudad"],"_links":{"self":[{"href":"https:\/\/www.puntociegoeditorial.com\/web\/wp-json\/wp\/v2\/posts\/46592","targetHints":{"allow":["GET"]}}],"collection":[{"href":"https:\/\/www.puntociegoeditorial.com\/web\/wp-json\/wp\/v2\/posts"}],"about":[{"href":"https:\/\/www.puntociegoeditorial.com\/web\/wp-json\/wp\/v2\/types\/post"}],"author":[{"embeddable":true,"href":"https:\/\/www.puntociegoeditorial.com\/web\/wp-json\/wp\/v2\/users\/2"}],"replies":[{"embeddable":true,"href":"https:\/\/www.puntociegoeditorial.com\/web\/wp-json\/wp\/v2\/comments?post=46592"}],"version-history":[{"count":1,"href":"https:\/\/www.puntociegoeditorial.com\/web\/wp-json\/wp\/v2\/posts\/46592\/revisions"}],"predecessor-version":[{"id":46594,"href":"https:\/\/www.puntociegoeditorial.com\/web\/wp-json\/wp\/v2\/posts\/46592\/revisions\/46594"}],"wp:featuredmedia":[{"embeddable":true,"href":"https:\/\/www.puntociegoeditorial.com\/web\/wp-json\/wp\/v2\/media\/46593"}],"wp:attachment":[{"href":"https:\/\/www.puntociegoeditorial.com\/web\/wp-json\/wp\/v2\/media?parent=46592"}],"wp:term":[{"taxonomy":"category","embeddable":true,"href":"https:\/\/www.puntociegoeditorial.com\/web\/wp-json\/wp\/v2\/categories?post=46592"},{"taxonomy":"post_tag","embeddable":true,"href":"https:\/\/www.puntociegoeditorial.com\/web\/wp-json\/wp\/v2\/tags?post=46592"}],"curies":[{"name":"wp","href":"https:\/\/api.w.org\/{rel}","templated":true}]}}