{"id":46595,"date":"2024-09-30T11:26:16","date_gmt":"2024-09-30T18:26:16","guid":{"rendered":"https:\/\/www.puntociegoeditorial.com\/web\/?p=46595"},"modified":"2024-09-30T11:26:16","modified_gmt":"2024-09-30T18:26:16","slug":"regresa-el-tepjf-la-diputacion-a-irma-moreno-del-pri","status":"publish","type":"post","link":"https:\/\/www.puntociegoeditorial.com\/web\/2024\/09\/30\/regresa-el-tepjf-la-diputacion-a-irma-moreno-del-pri\/","title":{"rendered":"Regresa el TEPJF la diputaci\u00f3n a Irma Moreno del PRI."},"content":{"rendered":"\n<p>Culiac\u00e1n, Sin. , domingo 29 de septiembre del 2024.- La Sala Superior del Tribunal Electoral del Poder Judicial de la Federaci\u00f3n, resolvi\u00f3 la asignaci\u00f3n de diputaciones locales de Representaci\u00f3n Proporcinal, dejando al PRI con tres de las cuatro originalmente asignadas por el Instituto Estatal Electoral de Sinaloa, se\u00f1al\u00f3 Paola G\u00e1rate Valenzuela.<\/p>\n\n\n\n<p>La presidenta del PRI Sinaloa, agreg\u00f3 que, esta curul le corresponde a Irma Moreno.<\/p>\n\n\n\n<p>Como partido pol\u00edtico, dijo, \u00absomos respetuosos del pronunciamiento de la autoridad jurisdiccional, sin embargo, no compartimos de su sentido la exclusi\u00f3n de nuestro compa\u00f1ero G\u00f3mer Mon\u00e1rrez, pues la sentencia admite que 27 militantes de Morena tengan una curul en el Congreso de Sinaloa, lo cual violenta la prohibici\u00f3n del art\u00edculo 24 de nuestra Constituci\u00f3n Local\u00bb.<\/p>\n\n\n\n<p>Resalt\u00f3 la tambi\u00e9n diputada local que, desde el Poder Legislativo, \u00abparticiparemos como una oposici\u00f3n responsable que ser\u00e1 un aut\u00e9ntico contrapeso pol\u00edtico, frente a los excesos y arbitrariedades del oficialismo, para ser, adem\u00e1s de la voz para las minor\u00edas, el canal de expresi\u00f3n para toda ciudadana y ciudadano que no sea escuchado por el poder\u00bb, puntualiz\u00f3.<\/p>\n","protected":false},"excerpt":{"rendered":"<p>Culiac\u00e1n, Sin. , domingo 29 de septiembre del 2024.- La Sala Superior del Tribunal Electoral del Poder Judicial de la Federaci\u00f3n, resolvi\u00f3 la asignaci\u00f3n de diputaciones locales de Representaci\u00f3n Proporcinal, dejando al PRI con tres de las cuatro originalmente asignadas por el Instituto Estatal Electoral de Sinaloa, se\u00f1al\u00f3 Paola G\u00e1rate Valenzuela. La presidenta del PRI [&hellip;]<\/p>\n","protected":false},"author":2,"featured_media":46596,"comment_status":"closed","ping_status":"open","sticky":false,"template":"","format":"standard","meta":{"_mi_skip_tracking":false,"footnotes":""},"categories":[13],"tags":[],"class_list":["post-46595","post","type-post","status-publish","format-standard","has-post-thumbnail","hentry","category-sinaloa"],"_links":{"self":[{"href":"https:\/\/www.puntociegoeditorial.com\/web\/wp-json\/wp\/v2\/posts\/46595","targetHints":{"allow":["GET"]}}],"collection":[{"href":"https:\/\/www.puntociegoeditorial.com\/web\/wp-json\/wp\/v2\/posts"}],"about":[{"href":"https:\/\/www.puntociegoeditorial.com\/web\/wp-json\/wp\/v2\/types\/post"}],"author":[{"embeddable":true,"href":"https:\/\/www.puntociegoeditorial.com\/web\/wp-json\/wp\/v2\/users\/2"}],"replies":[{"embeddable":true,"href":"https:\/\/www.puntociegoeditorial.com\/web\/wp-json\/wp\/v2\/comments?post=46595"}],"version-history":[{"count":1,"href":"https:\/\/www.puntociegoeditorial.com\/web\/wp-json\/wp\/v2\/posts\/46595\/revisions"}],"predecessor-version":[{"id":46597,"href":"https:\/\/www.puntociegoeditorial.com\/web\/wp-json\/wp\/v2\/posts\/46595\/revisions\/46597"}],"wp:featuredmedia":[{"embeddable":true,"href":"https:\/\/www.puntociegoeditorial.com\/web\/wp-json\/wp\/v2\/media\/46596"}],"wp:attachment":[{"href":"https:\/\/www.puntociegoeditorial.com\/web\/wp-json\/wp\/v2\/media?parent=46595"}],"wp:term":[{"taxonomy":"category","embeddable":true,"href":"https:\/\/www.puntociegoeditorial.com\/web\/wp-json\/wp\/v2\/categories?post=46595"},{"taxonomy":"post_tag","embeddable":true,"href":"https:\/\/www.puntociegoeditorial.com\/web\/wp-json\/wp\/v2\/tags?post=46595"}],"curies":[{"name":"wp","href":"https:\/\/api.w.org\/{rel}","templated":true}]}}