{"id":46607,"date":"2024-09-30T11:28:59","date_gmt":"2024-09-30T18:28:59","guid":{"rendered":"https:\/\/www.puntociegoeditorial.com\/web\/?p=46607"},"modified":"2024-09-30T11:28:59","modified_gmt":"2024-09-30T18:28:59","slug":"diputadas-y-diputados-de-la-65-legislatura-se-preparan-para-rendir-protesta-e-instalarse-este-lunes","status":"publish","type":"post","link":"https:\/\/www.puntociegoeditorial.com\/web\/2024\/09\/30\/diputadas-y-diputados-de-la-65-legislatura-se-preparan-para-rendir-protesta-e-instalarse-este-lunes\/","title":{"rendered":"Diputadas y diputados de la 65 Legislatura se preparan para rendir protesta e instalarse este lunes"},"content":{"rendered":"\n<p>Diputadas y diputados electos de la pr\u00f3xima Legislatura, la 65, realizaron este domingo un simulacro de lo que ser\u00e1 este lunes 30 de septiembre su formal toma de protesta e instalaci\u00f3n como Legislatura, tal como lo contempla la Constituci\u00f3n Pol\u00edtica del Estado de Sinaloa y la Ley Org\u00e1nica del Congreso del Estado de Sinaloa.<br>En este evento, que fue presidido por la actual presidenta de la Mesa Directiva, la diputada Gloria Himelda F\u00e9lix NIebla, se hizo un pase de lista de todas las diputadas y diputados electos, ya que eso se har\u00e1 y rendir\u00e1n protesta en su primera sesi\u00f3n ordinaria que tendr\u00e1n el lunes, con la que dar\u00e1n inicio a su primer periodo ordinario de sesiones de su primer a\u00f1o de ejercicio constitucional.<br>En el pres\u00eddium estuvieron las diputadas y diputados que en la 65 Legislatura coordinar\u00e1n los grupos parlamentarios de Morena, Mar\u00eda Teresa Guerra Ochoa; del PVEM, Rodolfo Valenzuela S\u00e1nchez; del PRI, Bernardino Antelo Espero; del PAN, Roxana Rubio Valdez, de Movimiento Ciudadano, Sergio Torres F\u00e9lix, y del PT, Monserrat L\u00f3pez L\u00f3pez.<br>Luego del pase de lista, que estuvo a cargo del secretario general, Jos\u00e9 Antonio R\u00edos Rojo, la diputada F\u00e9lix Niebla les explic\u00f3 a las diputadas y diputados electos que en la sesi\u00f3n de este lunes, luego de su toma de protesta e instalaci\u00f3n de la 65 Legislatura, a la que asistir\u00e1n representantes de los poderes Judicial y Ejecutivo, se deber\u00e1 elegir a la Mesa Directiva que coordinar\u00e1 los trabajos del primer a\u00f1o de ejercicio constitucional.<br>Expuso que tal como lo establece el art\u00edculo 34 de la Ley Org\u00e1nica del Congreso del Estado, hac\u00eda la invitaci\u00f3n a todas las diputadas electas y electos a que se integren en grupos parlamentarios para un mejor desarrollo de las labores legislativas, as\u00ed como para facilitar su participaci\u00f3n en las tareas que les sean asignadas.<br>Precis\u00f3 que en la segunda sesi\u00f3n ordinaria que tengan como 65 Legislatura, deber\u00e1n presentar sus propuestas de integraci\u00f3n de grupos parlamentarias a trav\u00e9s de la Secretar\u00eda General del Congreso para que sean integradas en la nueva Junta de Coordinaci\u00f3n Pol\u00edtica (Jucopo).<\/p>\n","protected":false},"excerpt":{"rendered":"<p>Diputadas y diputados electos de la pr\u00f3xima Legislatura, la 65, realizaron este domingo un simulacro de lo que ser\u00e1 este lunes 30 de septiembre su formal toma de protesta e instalaci\u00f3n como Legislatura, tal como lo contempla la Constituci\u00f3n Pol\u00edtica del Estado de Sinaloa y la Ley Org\u00e1nica del Congreso del Estado de Sinaloa.En este [&hellip;]<\/p>\n","protected":false},"author":2,"featured_media":46608,"comment_status":"closed","ping_status":"open","sticky":false,"template":"","format":"standard","meta":{"_mi_skip_tracking":false,"footnotes":""},"categories":[13],"tags":[],"class_list":["post-46607","post","type-post","status-publish","format-standard","has-post-thumbnail","hentry","category-sinaloa"],"_links":{"self":[{"href":"https:\/\/www.puntociegoeditorial.com\/web\/wp-json\/wp\/v2\/posts\/46607","targetHints":{"allow":["GET"]}}],"collection":[{"href":"https:\/\/www.puntociegoeditorial.com\/web\/wp-json\/wp\/v2\/posts"}],"about":[{"href":"https:\/\/www.puntociegoeditorial.com\/web\/wp-json\/wp\/v2\/types\/post"}],"author":[{"embeddable":true,"href":"https:\/\/www.puntociegoeditorial.com\/web\/wp-json\/wp\/v2\/users\/2"}],"replies":[{"embeddable":true,"href":"https:\/\/www.puntociegoeditorial.com\/web\/wp-json\/wp\/v2\/comments?post=46607"}],"version-history":[{"count":1,"href":"https:\/\/www.puntociegoeditorial.com\/web\/wp-json\/wp\/v2\/posts\/46607\/revisions"}],"predecessor-version":[{"id":46609,"href":"https:\/\/www.puntociegoeditorial.com\/web\/wp-json\/wp\/v2\/posts\/46607\/revisions\/46609"}],"wp:featuredmedia":[{"embeddable":true,"href":"https:\/\/www.puntociegoeditorial.com\/web\/wp-json\/wp\/v2\/media\/46608"}],"wp:attachment":[{"href":"https:\/\/www.puntociegoeditorial.com\/web\/wp-json\/wp\/v2\/media?parent=46607"}],"wp:term":[{"taxonomy":"category","embeddable":true,"href":"https:\/\/www.puntociegoeditorial.com\/web\/wp-json\/wp\/v2\/categories?post=46607"},{"taxonomy":"post_tag","embeddable":true,"href":"https:\/\/www.puntociegoeditorial.com\/web\/wp-json\/wp\/v2\/tags?post=46607"}],"curies":[{"name":"wp","href":"https:\/\/api.w.org\/{rel}","templated":true}]}}