{"id":46611,"date":"2024-09-30T19:46:49","date_gmt":"2024-10-01T02:46:49","guid":{"rendered":"https:\/\/www.puntociegoeditorial.com\/web\/?p=46611"},"modified":"2024-09-30T19:46:49","modified_gmt":"2024-10-01T02:46:49","slug":"eligen-por-unanimidad-primera-mesa-directiva-de-la-65-legislatura","status":"publish","type":"post","link":"https:\/\/www.puntociegoeditorial.com\/web\/2024\/09\/30\/eligen-por-unanimidad-primera-mesa-directiva-de-la-65-legislatura\/","title":{"rendered":"Eligen por unanimidad primera Mesa Directiva de la 65 Legislatura"},"content":{"rendered":"\n<p>Por unanimidad, las diputadas y diputados eligieron a la primera Mesa Directiva que conducir\u00e1 las Sesiones del Primer A\u00f1o de Ejercicio Constitucional de la 65 Legislatura, que hoy se instal\u00f3 formalmente e inici\u00f3 su Primer Per\u00edodo Ordinario de Sesiones.<br>A propuesta de la diputada Roxana Rubio Valdez, se eligi\u00f3 a las siguientes diputadas y diputados para integrar la Mesa Directiva:<br>Presidenta: Dip. Yeraldine Bonilla Valverde.<br>Vicepresidenta: Dip. Sth\u00e9fany Rea Re\u00e1tiga.<br>Vicepresidenta: Dip. Irma Guadalupe Moreno Ovalles.<br>Secretario: Dip. C\u00e9sar Ismael Guerrero Alarc\u00f3n.<br>Secretario: Dip. Antonio Men\u00e9ndez de Llano Berm\u00fadez.<br>Prosecretario: Dip. Genaro Garc\u00eda Castro.<br>Prosecretario: Dip. Jorge Antonio Gonz\u00e1lez Flores.<br>Una vez electos y electas, quienes integran la primera Mesa Directiva pasaron a tomar sus respectivos lugares, y la presidenta procedi\u00f3 a declarar leg\u00edtima y formalmente instalada la 65 Legislatura, para lo cual solicit\u00f3 a sus compa\u00f1eras y compa\u00f1eros ponerse de pie.<br>Asimismo, declar\u00f3 el inicio del Primer Per\u00edodo Ordinario de Sesiones del Primer A\u00f1o de Ejercicio Constitucional de la 65 Legislatura, e instruy\u00f3 que se comunique a todos los \u00f3rganos legislativos federales y locales del pa\u00eds el correspondiente Decreto de instalaci\u00f3n y la elecci\u00f3n de la Mesa Directiva, para todos los efectos correspondientes.<br>De igual manera que se comunique a los titulares de los Poderes Ejecutivo y Judicial del estado de Sinaloa.<\/p>\n","protected":false},"excerpt":{"rendered":"<p>Por unanimidad, las diputadas y diputados eligieron a la primera Mesa Directiva que conducir\u00e1 las Sesiones del Primer A\u00f1o de Ejercicio Constitucional de la 65 Legislatura, que hoy se instal\u00f3 formalmente e inici\u00f3 su Primer Per\u00edodo Ordinario de Sesiones.A propuesta de la diputada Roxana Rubio Valdez, se eligi\u00f3 a las siguientes diputadas y diputados para [&hellip;]<\/p>\n","protected":false},"author":2,"featured_media":46612,"comment_status":"closed","ping_status":"open","sticky":false,"template":"","format":"standard","meta":{"_mi_skip_tracking":false,"footnotes":""},"categories":[13],"tags":[],"class_list":["post-46611","post","type-post","status-publish","format-standard","has-post-thumbnail","hentry","category-sinaloa"],"_links":{"self":[{"href":"https:\/\/www.puntociegoeditorial.com\/web\/wp-json\/wp\/v2\/posts\/46611","targetHints":{"allow":["GET"]}}],"collection":[{"href":"https:\/\/www.puntociegoeditorial.com\/web\/wp-json\/wp\/v2\/posts"}],"about":[{"href":"https:\/\/www.puntociegoeditorial.com\/web\/wp-json\/wp\/v2\/types\/post"}],"author":[{"embeddable":true,"href":"https:\/\/www.puntociegoeditorial.com\/web\/wp-json\/wp\/v2\/users\/2"}],"replies":[{"embeddable":true,"href":"https:\/\/www.puntociegoeditorial.com\/web\/wp-json\/wp\/v2\/comments?post=46611"}],"version-history":[{"count":1,"href":"https:\/\/www.puntociegoeditorial.com\/web\/wp-json\/wp\/v2\/posts\/46611\/revisions"}],"predecessor-version":[{"id":46613,"href":"https:\/\/www.puntociegoeditorial.com\/web\/wp-json\/wp\/v2\/posts\/46611\/revisions\/46613"}],"wp:featuredmedia":[{"embeddable":true,"href":"https:\/\/www.puntociegoeditorial.com\/web\/wp-json\/wp\/v2\/media\/46612"}],"wp:attachment":[{"href":"https:\/\/www.puntociegoeditorial.com\/web\/wp-json\/wp\/v2\/media?parent=46611"}],"wp:term":[{"taxonomy":"category","embeddable":true,"href":"https:\/\/www.puntociegoeditorial.com\/web\/wp-json\/wp\/v2\/categories?post=46611"},{"taxonomy":"post_tag","embeddable":true,"href":"https:\/\/www.puntociegoeditorial.com\/web\/wp-json\/wp\/v2\/tags?post=46611"}],"curies":[{"name":"wp","href":"https:\/\/api.w.org\/{rel}","templated":true}]}}