{"id":4805,"date":"2021-11-16T16:54:52","date_gmt":"2021-11-16T23:54:52","guid":{"rendered":"https:\/\/puntociegoeditorial.com\/web\/?p=4805"},"modified":"2021-11-16T16:54:52","modified_gmt":"2021-11-16T23:54:52","slug":"imda-apoya-a-artemarcialistas-rumbo-a-festival-deportivo","status":"publish","type":"post","link":"https:\/\/www.puntociegoeditorial.com\/web\/2021\/11\/16\/imda-apoya-a-artemarcialistas-rumbo-a-festival-deportivo\/","title":{"rendered":"IMDA APOYA A ARTEMARCIALISTAS RUMBO A FESTIVAL DEPORTIVO"},"content":{"rendered":"\n<p>El evento ser\u00e1 desde ma\u00f1ana y hasta el s\u00e1bado en Quintana Roo<\/p>\n\n\n\n<p>Los Mochis, Ahome, Sinaloa, M\u00e9xico, 16 de noviembre de 2021 (IMDA).- Un grupo de nueve ahomenses partieron este martes rumbo a Playa del Carmen, Quintana Roo, para participar en el Festival Deportivo de Artes Marciales y Combate-Conade, que se realizar\u00e1 a partir de ma\u00f1ana y hasta el pr\u00f3ximo s\u00e1bado.<br>Previo a su salida, el contingente local acudi\u00f3 a las instalaciones del Instituto Municipal del Deporte de Ahome (IMDA) para recibir un apoyo econ\u00f3mico que ayudar\u00e1 a solventar los gastos del viaje.<br>\u201cEstamos muy agradecidos con el director del deporte (Jos\u00e9 Aureliano Valenzuela Rom\u00e1n) por su ayuda, tocamos muchas puertas, pero la del IMDA es la \u00fanica que se abri\u00f3\u201d, expres\u00f3 emocionado el profesor Jos\u00e9 Miguel Valenzuela Torres, quien encabeza al grupo en su calidad de presidente de la Asociaci\u00f3n Estatal de Nipon Kempo.<br>\u201cEste apoyo nos da una motivaci\u00f3n extra, nos compromete a dar todo en cada combate. Llevamos buenos competidores, la mayor\u00eda han ganado estatales y nacionales, y uno, David Ren\u00e9 Y\u00e9piz, ya fue a Francia en 2015 y lo seleccionaron para Italia, pero no pudo asistir por falta de apoyo econ\u00f3mico\u201d.<br>La entrega del apoyo econ\u00f3mico lo hicieron Bryan Miranda Romero, Jefe de Operaciones del IMDA, y la regidora Evangelina Valenzuela Ben\u00edtez.<br>\u201cNuestro presidente municipal, Gerardo Vargas Landeros, y el director del deporte, Jos\u00e9 Aureliano Valenzuela, los felicitan por su participaci\u00f3n en este evento, y les desean toda la suerte del mundo, esperando que representen al municipio con dignidad. Esta administraci\u00f3n tiene un enorme esp\u00edritu de trabajo, y la firme convicci\u00f3n de impulsar eventos y actividades deportivas\u201d, se\u00f1al\u00f3 en su intervenci\u00f3n Miranda Romero.<br>\u201cNos sentimos muy orgullosos de todos ustedes, no tenemos la menor duda que har\u00e1n un buen papel porque estamos muy bien representados. Si\u00e9ntanse acompa\u00f1ados en este evento y est\u00e9n seguros que nos mantendremos al tanto de sus resultados\u201d, dijo por su parte Angelina Valenzuela.<br>Los combatientes que emprendieron el viaje al sureste del pa\u00eds son: Florencio Luna Mart\u00ednez, David Ren\u00e9 Y\u00e9piz Pe\u00f1uelas, Francisco Javier Y\u00e9piz Pe\u00f1uelas, Jes\u00fas Enrique Osuna Moreno, Andrea Gonz\u00e1lez L\u00f3pez, Abdiel Gonz\u00e1lez L\u00f3pez, Michell Emmanuel Altamirano L\u00f3pez y Sof\u00eda Michelle Altamirano L\u00f3pez, as\u00ed como Jos\u00e9 Miguel Valenzuela Torres, quien fungir\u00e1 como juez en el evento.<\/p>\n","protected":false},"excerpt":{"rendered":"<p>El evento ser\u00e1 desde ma\u00f1ana y hasta el s\u00e1bado en Quintana Roo Los Mochis, Ahome, Sinaloa, M\u00e9xico, 16 de noviembre de 2021 (IMDA).- Un grupo de nueve ahomenses partieron este martes rumbo a Playa del Carmen, Quintana Roo, para participar en el Festival Deportivo de Artes Marciales y Combate-Conade, que se realizar\u00e1 a partir de [&hellip;]<\/p>\n","protected":false},"author":2,"featured_media":4806,"comment_status":"open","ping_status":"open","sticky":false,"template":"","format":"standard","meta":{"_mi_skip_tracking":false,"footnotes":""},"categories":[16],"tags":[429,804,96,21],"class_list":["post-4805","post","type-post","status-publish","format-standard","has-post-thumbnail","hentry","category-accion","tag-conade","tag-imda","tag-los-mochis","tag-sinaloa"],"_links":{"self":[{"href":"https:\/\/www.puntociegoeditorial.com\/web\/wp-json\/wp\/v2\/posts\/4805","targetHints":{"allow":["GET"]}}],"collection":[{"href":"https:\/\/www.puntociegoeditorial.com\/web\/wp-json\/wp\/v2\/posts"}],"about":[{"href":"https:\/\/www.puntociegoeditorial.com\/web\/wp-json\/wp\/v2\/types\/post"}],"author":[{"embeddable":true,"href":"https:\/\/www.puntociegoeditorial.com\/web\/wp-json\/wp\/v2\/users\/2"}],"replies":[{"embeddable":true,"href":"https:\/\/www.puntociegoeditorial.com\/web\/wp-json\/wp\/v2\/comments?post=4805"}],"version-history":[{"count":1,"href":"https:\/\/www.puntociegoeditorial.com\/web\/wp-json\/wp\/v2\/posts\/4805\/revisions"}],"predecessor-version":[{"id":4807,"href":"https:\/\/www.puntociegoeditorial.com\/web\/wp-json\/wp\/v2\/posts\/4805\/revisions\/4807"}],"wp:featuredmedia":[{"embeddable":true,"href":"https:\/\/www.puntociegoeditorial.com\/web\/wp-json\/wp\/v2\/media\/4806"}],"wp:attachment":[{"href":"https:\/\/www.puntociegoeditorial.com\/web\/wp-json\/wp\/v2\/media?parent=4805"}],"wp:term":[{"taxonomy":"category","embeddable":true,"href":"https:\/\/www.puntociegoeditorial.com\/web\/wp-json\/wp\/v2\/categories?post=4805"},{"taxonomy":"post_tag","embeddable":true,"href":"https:\/\/www.puntociegoeditorial.com\/web\/wp-json\/wp\/v2\/tags?post=4805"}],"curies":[{"name":"wp","href":"https:\/\/api.w.org\/{rel}","templated":true}]}}