{"id":4814,"date":"2021-11-16T21:06:39","date_gmt":"2021-11-17T04:06:39","guid":{"rendered":"https:\/\/puntociegoeditorial.com\/web\/?p=4814"},"modified":"2021-11-16T21:06:39","modified_gmt":"2021-11-17T04:06:39","slug":"experiencia-y-capacidad-en-nueva-magistrada-y-magistrados-morena-pas-y-pri","status":"publish","type":"post","link":"https:\/\/www.puntociegoeditorial.com\/web\/2021\/11\/16\/experiencia-y-capacidad-en-nueva-magistrada-y-magistrados-morena-pas-y-pri\/","title":{"rendered":"Experiencia y capacidad en nueva magistrada y magistrados: Morena, PAS y PRI"},"content":{"rendered":"\n<p>La nueva magistrada y los dos nuevos magistrados del Supremo Tribunal del Justicia tienen experiencia y capacidad para ocupar el cargo, reconocieron diputado de Morena y diputadas del PAS y del PRI.<br>Al discutirse los correspondientes dict\u00e1menes para elegir de una terna de aspirantes para las magistraturas I, III y V, reconocieron en las comparecencias en que participaron las y los aspirantes, mostraron tener perfil id\u00f3neo y una probada hoja curricular.<br>El diputado C\u00e9sar Ismael Guerrero Alarc\u00f3n, de Morena, y presidente de la Comisi\u00f3n de Justicia, record\u00f3 que esta Comisi\u00f3n y la de Puntos Constitucionales y Gobernaci\u00f3n sostuvieron reuniones de trabajo para realizar el estudio y an\u00e1lisis de los perfiles de cada integrante de las respectivas ternas para las citadas magistraturas.<br>\u201cEncontramos a profesionistas comprometidos con el crecimiento continuo, de principios de independencia y honorabilidad\u201d, dijo.<br>Consider\u00f3 que es fundamental para el gobierno contar con personas comprometidas con la procuraci\u00f3n de justicia y seguridad.<br>\u201cEs momento de trabajar en equipo, los ciudadanos y el gobierno, poniendo todos nuestro granito de arena para que el proyecto de un mejor Sinaloa se logre y quienes lleguen pueden ver el ejemplo y seguir con el legado\u201d, expres\u00f3.<br>La diputada Alba Virgen Montes \u00c1lvarez, coordinadora del PAS, asegur\u00f3 que quienes integraron las ternas, todos y todas mostraron ser personas capaces de ocupar las magistraturas,<br>Record\u00f3 que en las comparecencias, las y los aspirantes expusieron las necesidades que tiene el poder Judicial, por lo que consider\u00f3 que quienes resultaron electos y electa las deben tomar en cuenta en su desempe\u00f1o.<br>Quienes participaron, reconoci\u00f3, cuentan con conocimiento, compromiso y una hoja de vida suficiente para ser nombrados como magistrados por tener perfil id\u00f3neo<br>Sabemos, dijo, que quienes fueron electos, trabajar\u00e1n para que la justicia se aplique a todos por igual.<br>La diputada Gloria Himelda F\u00e9lix Niebla del PRI, resalt\u00f3 que la administraci\u00f3n de justicia juega un papel fundamental en el estado de derecho.<br>Reconoci\u00f3 que las 11 magistraturas que tiene el Supremo Tribunal de Justicia, seis son ocupadas por mujeres, lo que le hace ser un poder de avanzada.<br>Cada uno y cada una de los aspirantes que participaron en este proceso de elecci\u00f3n, dijo, gozan de total experiencia, capacidad.<br>Consider\u00f3 que todas y todos cumplieron con el requisito de idoneidad, y que cualquiera pod\u00eda ser electa o electo, por lo que ahora quienes fueron electos y electa dar\u00e1n certeza jur\u00eddica al poder Judicial.<br>Asimismo, reconoci\u00f3 que tienen totalmente cimentado lo que es emitir sentencias con perspectiva de g\u00e9nero, que es algo que debe realmente valorarse.<\/p>\n","protected":false},"excerpt":{"rendered":"<p>La nueva magistrada y los dos nuevos magistrados del Supremo Tribunal del Justicia tienen experiencia y capacidad para ocupar el cargo, reconocieron diputado de Morena y diputadas del PAS y del PRI.Al discutirse los correspondientes dict\u00e1menes para elegir de una terna de aspirantes para las magistraturas I, III y V, reconocieron en las comparecencias en [&hellip;]<\/p>\n","protected":false},"author":2,"featured_media":4815,"comment_status":"open","ping_status":"open","sticky":false,"template":"","format":"standard","meta":{"_mi_skip_tracking":false,"footnotes":""},"categories":[13],"tags":[47,227,353,21],"class_list":["post-4814","post","type-post","status-publish","format-standard","has-post-thumbnail","hentry","category-sinaloa","tag-congreso-del-estado","tag-morena","tag-pas","tag-sinaloa"],"_links":{"self":[{"href":"https:\/\/www.puntociegoeditorial.com\/web\/wp-json\/wp\/v2\/posts\/4814","targetHints":{"allow":["GET"]}}],"collection":[{"href":"https:\/\/www.puntociegoeditorial.com\/web\/wp-json\/wp\/v2\/posts"}],"about":[{"href":"https:\/\/www.puntociegoeditorial.com\/web\/wp-json\/wp\/v2\/types\/post"}],"author":[{"embeddable":true,"href":"https:\/\/www.puntociegoeditorial.com\/web\/wp-json\/wp\/v2\/users\/2"}],"replies":[{"embeddable":true,"href":"https:\/\/www.puntociegoeditorial.com\/web\/wp-json\/wp\/v2\/comments?post=4814"}],"version-history":[{"count":1,"href":"https:\/\/www.puntociegoeditorial.com\/web\/wp-json\/wp\/v2\/posts\/4814\/revisions"}],"predecessor-version":[{"id":4816,"href":"https:\/\/www.puntociegoeditorial.com\/web\/wp-json\/wp\/v2\/posts\/4814\/revisions\/4816"}],"wp:featuredmedia":[{"embeddable":true,"href":"https:\/\/www.puntociegoeditorial.com\/web\/wp-json\/wp\/v2\/media\/4815"}],"wp:attachment":[{"href":"https:\/\/www.puntociegoeditorial.com\/web\/wp-json\/wp\/v2\/media?parent=4814"}],"wp:term":[{"taxonomy":"category","embeddable":true,"href":"https:\/\/www.puntociegoeditorial.com\/web\/wp-json\/wp\/v2\/categories?post=4814"},{"taxonomy":"post_tag","embeddable":true,"href":"https:\/\/www.puntociegoeditorial.com\/web\/wp-json\/wp\/v2\/tags?post=4814"}],"curies":[{"name":"wp","href":"https:\/\/api.w.org\/{rel}","templated":true}]}}