{"id":4817,"date":"2021-11-16T21:07:56","date_gmt":"2021-11-17T04:07:56","guid":{"rendered":"https:\/\/puntociegoeditorial.com\/web\/?p=4817"},"modified":"2021-11-16T21:07:56","modified_gmt":"2021-11-17T04:07:56","slug":"elige-congreso-a-titulares-de-magistraturas-i-iii-y-v-del-stjes","status":"publish","type":"post","link":"https:\/\/www.puntociegoeditorial.com\/web\/2021\/11\/16\/elige-congreso-a-titulares-de-magistraturas-i-iii-y-v-del-stjes\/","title":{"rendered":"Elige Congreso a titulares de magistraturas I, III y V del STJES"},"content":{"rendered":"\n<p>El Pleno del Congreso del Estado eligi\u00f3 hoy como titulares de las magistraturas I, III y V del Supremo Tribunal de Justicia a Claudia Yuridia Meza Avenda\u00f1o, Jes\u00fas Iv\u00e1n Ch\u00e1vez Rangel y Omar Jes\u00fas Abitia Salazar, respectivamente.<br>Luego de la elecci\u00f3n, se les cit\u00f3 a la sesi\u00f3n para su toma de protesta como magistrada y magistrados propietarios, lo cual corri\u00f3 a cargo del presidente de la Mesa Directiva del Congreso, Gene Ren\u00e9 Boj\u00f3rquez Ruiz.<br>La nueva magistrada y los dos nuevos magistrados formaron parte de ternas que envi\u00f3 el Consejo de la Judicatura del poder Judicial al Congreso del Estado para cada una de las magistraturas vacantes se\u00f1aladas.<br>Previamente a la toma de protesta, se analizaron y discutieron los tres dict\u00e1menes correspondientes a las tres ternas.<br>En los dict\u00e1menes presentados por las Comisiones de Puntos Constitucionales y Gobernaci\u00f3n y de Justicia, se puntualiz\u00f3 que cada una de las ciudadanas y ciudadanos comparecientes en el proceso de elecci\u00f3n para las magistraturas I, III y V del Supremo Tribunal de Justicia del Estado de Sinaloa cuentan con el perfil id\u00f3neo para ocupar el cargo como magistrada y magistrados.<br>Se precis\u00f3 que quienes integraron las tres ternas acreditaron contar con la capacidad suficiente y probada, dado que tienen pleno conocimiento del ejercicio de la funci\u00f3n jurisdiccional al haberse conducido con elocuencia y haber desarrollado un discurso coherente, consciente, bien elaborado, pragm\u00e1tico, as\u00ed como objetivo del quehacer dentro del poder Judicial.<br>Asimismo, se indic\u00f3 que se valor\u00f3 de cada aspirante su trayectoria dentro del poder Judicial, y se resalta que en sus respectivas comparecencias respondieron de manera satisfactoria a cada una de las preguntas que se les plantearon por quienes integran las Comisiones unidas.<br>En los dict\u00e1menes se resalta que es de inter\u00e9s de la sociedad de Sinaloa contar con magistradas y magistrados de experiencia, competencia y honorabilidad, adem\u00e1s de que la Constituci\u00f3n local obliga a contar con juzgadores de experiencia e independientes.<br>Al someterse a votaci\u00f3n los tres dict\u00e1menes, las votaciones fueron las siguientes:<\/p>\n\n\n\n<p>Magistratura I<br>Claudia Yuridia Meza Avenda\u00f1o, 36 votos.<br>Ivonne Salazar Espinoza, 3 votos.<br>Gloria del Carmen Morgan Navarrete, 1 voto.<\/p>\n\n\n\n<p>Magistratura III<br>Jes\u00fas Iv\u00e1n Ch\u00e1vez Rangel, 38 votos.<br>Ricardo Casta\u00f1os Hern\u00e1ndez, 2 votos.<br>Miguel Orlando Simental Zavala, ning\u00fan voto.<\/p>\n\n\n\n<p>Magistratura V<br>Omar Jes\u00fas Abitia Salazar, 36 votos.<br>Sergio Escobar Medel, 2 votos.<br>Gustavo Quintero Espinoza, 2 votos<\/p>\n\n\n\n<p>Perfil de Claudia Yuridia Meza Avenda\u00f1o.<\/p>\n\n\n\n<p>ESTUDIOS PROFESIONALES:<br>*Licenciatura en Derecho y Ciencias Sociales: Universidad de Occidente. *Maestr\u00eda: Derecho Constitucional y Amparo, Escuela Libre de Derecho.<\/p>\n\n\n\n<p>HISTORIA LABORAL:<br>*Secretaria General de Acuerdos del Supremo Tribunal de Justicia del Estado de Sinaloa.<br>*Secretaria de Estudio y Cuenta Adscrita al Instituto de Capacitaci\u00f3n Judicial.<br>*Secretaria de Estudio y Cuenta Adscrita a la Presidencia del Supremo Tribunal de Justicia.<br>*Bibliotecaria adscrita a la Oficial\u00eda Mayor del Supremo Tribunal de Justicia.<br>*Enlace Institucional con la Comisi\u00f3n Nacional de Tribunales Superiores de Justicia de los Estados Unidos Mexicanos.<br>*Enlace Institucional con el Poder Judicial de la Federaci\u00f3n para el Reconocimiento de la Firma Electr\u00f3nica e lnteroperabilidad en Materia de Amparo entre ambas Instituciones.<br>*Enlace Institucional para la celebraci\u00f3n del Acuerdo Marco de Cooperaci\u00f3n entre la Corte lnteramericana de Derechos Humanos y el Poder Judicial del Estado de Sinaloa.<br>*Implementaci\u00f3n del Sistema Acusatorio Adversarial previsto por la reforma Constitucional de junio de 2008.<br>*Implementaci\u00f3n de Sistemas lnform\u00e1ticos de Gesti\u00f3n Judicial en todas las materias.<br>*Implementaci\u00f3n del Protocolo de Actuaci\u00f3n y Atenci\u00f3n en las Instancias Jurisdiccionales y Administrativas.<br>*Enlace Institucional para la Celebraci\u00f3n y actividades de seguimiento del Pacto de Adhesi\u00f3n para Introducir la Perspectiva de G\u00e9nero, en los \u00d3rganos de Impartici\u00f3n de Justicia en M\u00e9xico, entre el Supremo Tribunal de Justicia del Estado de Sinaloa, Tribunal Electoral, Tribunal de Justicia Administrativa, Junta Local de Conciliaci\u00f3n y Arbitraje, Tribunal Local de Conciliaci\u00f3n y Arbitraje.<br>*Enlace Institucional con diversos organismos de observaci\u00f3n ciudadana, como M\u00e9xico Eval\u00faa.<br>*Enlace Institucional con la Unidad de Derechos Humanos e Igualdad de G\u00e9nero de la Comisi\u00f3n Nacional de Tribunales Superiores de Justicia de los Estados Unidos Mexicanos (CONATRIB).<\/p>\n\n\n\n<p>CURSOS Y DIPLOMADOS:<br>*III Jomada Nacional Itinerante de Juzgadoras de la Asociaci\u00f3n Mexicana de Mujeres Juezas y Magistradas.<br>*Taller de Aplicaci\u00f3n del Protocolo de Actuaci\u00f3n para quienes Imparten Justicia en Casos que involucren Orientaci\u00f3n Sexual e Identidad de G\u00e9nero. Centro de Investigaciones y Docencia Econ\u00f3micas (CIDE).<br>*XIX Congreso Nacional de Mediaci\u00f3n. Poder Judicial del Estado de Sinaloa, Universidad Aut\u00f3noma de Sinaloa, Universidad de Sonora y el Instituto de Mediaci\u00f3n de M\u00e9xico.<br>*Seminario Introductorio Itinerante Sobre la Reforma Constitucional en Derechos Humanos. Comisi\u00f3n Nacional de Tribunales Superiores de Justicia de los Estados Unidos Mexicanos, Secretar\u00eda de Relaciones Exteriores, Suprema Corte de Justicia de la Naci\u00f3n, Consejo de la Judicatura Federal, la Oficina del Alto Comisionado de Naciones Unidas para los Derechos Humanos en M\u00e9xico y el Supremo Tribunal de Justicia de Estado de Sinaloa.<\/p>\n\n\n\n<p>Perfil de Jes\u00fas Iv\u00e1n Ch\u00e1vez Rangel:<\/p>\n\n\n\n<p>ESTUDIOS PROFESIONALES:<br>*Licenciatura en Derecho<br>*M\u00e1ster en Derechos Constitucional y Amparo.<br>*Especializaci\u00f3n en Constitucionalismo y Garantismo.<\/p>\n\n\n\n<p>ACTIVIDADES PROFESIONALES:<\/p>\n\n\n\n<p>*Secretario de Acuerdos del Tribunal de lo Contencioso Administrativo de Sinaloa.<br>*Asesor Jur\u00eddico de la Secretar\u00eda General de Gobierno del Estado de Sinaloa.<br>*Jefe del Departamento de Asuntos Jur\u00eddicos del Congreso del Estado de Sinaloa.<br>*Secretario General del Tribunal Electoral de Sinaloa.<br>*Magistrado Supernumerario del Tribunal Electoral del Estado de Sinaloa.<br>*Magistrado Numerario Presidente del H. Tribunal Electoral del Estado de Sinaloa.<br>*Secretario Particular de la Presidencia del Supremo Tribunal de Justicia del Estado de Sinaloa.<br>*Magistrado de la Sala Superior del Tribunal de Justicia Administrativa del Estado de Sinaloa. Magistrado Presidente de la Sala Superior del Tribunal de Justicia Administrativa del Estado de Sinaloa<\/p>\n\n\n\n<p>ACTIVIDADES ADICIONALES:<\/p>\n\n\n\n<p>*Maestro de materia de Derecho Procesal Electoral Sinaloense en la Maestr\u00eda en Derecho Electoral de la Universidad Aut\u00f3noma de Sinaloa.<br>*Catedr\u00e1tico de la materia de la Prueba y Argumentaci\u00f3n Jur\u00eddica en el Diplomado en Derecho Electoral impartido por la Universidad Aut\u00f3noma Ind\u00edgena de M\u00e9xico.<br>*Catedr\u00e1tico de la materia de Juicio Electorales Federales en la Maestr\u00eda de Derecho Electoral organizado por la Universidad Aut\u00f3noma de Sinaloa.<br>*Curso de Postgrado en Derecho Tributario.<br>*Curso de Derecho Parlamentario.<br>*Curso de Postgrado en Ciencia Pol\u00edtica.<br>*Coordinador de la Zona Norte del Consejo Directivo de la Asociaci\u00f3n de Tribunales y Salas Electorales de la Rep\u00fablica Mexicana.<\/p>\n\n\n\n<p>Perfil de Omar Jes\u00fas Abitia Salazar:<\/p>\n\n\n\n<p>ESTUDIOS PROFESIONALES:<br>*Licenciatura en Derecho.<br>*Maestr\u00eda en Derecho Constitucional y Amparo.<br>*Master en Proceso Penal Acusatorio.<\/p>\n\n\n\n<p>HISTORIA LABORAL:<br>*Magistrado de la Sala de Circuito Especializada en Justicia Penal Acusatoria.<br>*Director del Instituto de Capacitaci\u00f3n Judicial.<br>*Juez Tercero de Primera Instancia del Ramo Penal del Distrito Judicial de Culiac\u00e1n.<br>*Juez del Juzgado Primero de Vigilancia de la Ejecuci\u00f3n de las Consecuencias Jur\u00eddicas del Delito.<br>*Asesor en el Departamento del \u00c1rea de Derecho Penal de la Unidad de Estudios Constitucionales y Legislativos de la Secretar\u00eda General de Gobierno.<br>*Coordinador de Investigaci\u00f3n Jur\u00eddica del Instituto de Capacitaci\u00f3n Judicial.<\/p>\n\n\n\n<p>ACTIVIDADES ADICIONALES:<br>*Diplomado sobre Violencia Familiar y Derechos Humanos, Instituto de Investigaciones Jur\u00eddicas de la Universidad Aut\u00f3noma de M\u00e9xico y el Supremo Tribunal de Justicia.<br>*Curso \u00abMarco Jur\u00eddico Internacional de la Libertad de Expresi\u00f3n, Acceso a la Informaci\u00f3n P\u00fablica y Protecci\u00f3n de Periodistas\u00bb. Knight Center for Journalism in the Americans y la UNESCO.<br>*Curso \u00abLa prueba penal y las nuevas tecnolog\u00edas\u00bb Aula Iberoamericana, el Consejo General del Poder de Espa\u00f1a y el Centro de Cooperaci\u00f3n Espa\u00f1ola en Montevideo, Uruguay.<br>*Diplomado te\u00f3rico-pr\u00e1ctico Derechos Humanos con enfoque de g\u00e9nero y litigio estrat\u00e9gico. Secretar\u00eda General de Gobierno de Sinaloa, Instituto Sinaloense de las Mujeres, Facultad de Derecho de la Universidad Aut\u00f3noma de Sinaloa y el Poder Judicial del Estado.<br>*Diplomado en Litigaci\u00f3n Estrat\u00e9gica en Materia Penal. Facultad de Derecho de la Universidad Alberto Hurtado. Santiago, Chile.<br>*Diplomado \u00abSistemas Acusatorio y Oral\u00bb Instituto de Investigaciones Jur\u00eddicas de la Universidad Nacional Aut\u00f3noma de M\u00e9xico y el Supremo Tribunal de Justicia.<br>*Curso de certificaci\u00f3n en Justicia para Adolescentes (en proceso y ejecuci\u00f3n de medidas) Instituto de la Judicatura Federal.<\/p>\n","protected":false},"excerpt":{"rendered":"<p>El Pleno del Congreso del Estado eligi\u00f3 hoy como titulares de las magistraturas I, III y V del Supremo Tribunal de Justicia a Claudia Yuridia Meza Avenda\u00f1o, Jes\u00fas Iv\u00e1n Ch\u00e1vez Rangel y Omar Jes\u00fas Abitia Salazar, respectivamente.Luego de la elecci\u00f3n, se les cit\u00f3 a la sesi\u00f3n para su toma de protesta como magistrada y magistrados [&hellip;]<\/p>\n","protected":false},"author":2,"featured_media":4818,"comment_status":"open","ping_status":"open","sticky":false,"template":"","format":"standard","meta":{"_mi_skip_tracking":false,"footnotes":""},"categories":[13],"tags":[47,826,21,655],"class_list":["post-4817","post","type-post","status-publish","format-standard","has-post-thumbnail","hentry","category-sinaloa","tag-congreso-del-estado","tag-magistraturas","tag-sinaloa","tag-supremo-tribunal-de-justicia-del-estado-de-sinaloa"],"_links":{"self":[{"href":"https:\/\/www.puntociegoeditorial.com\/web\/wp-json\/wp\/v2\/posts\/4817","targetHints":{"allow":["GET"]}}],"collection":[{"href":"https:\/\/www.puntociegoeditorial.com\/web\/wp-json\/wp\/v2\/posts"}],"about":[{"href":"https:\/\/www.puntociegoeditorial.com\/web\/wp-json\/wp\/v2\/types\/post"}],"author":[{"embeddable":true,"href":"https:\/\/www.puntociegoeditorial.com\/web\/wp-json\/wp\/v2\/users\/2"}],"replies":[{"embeddable":true,"href":"https:\/\/www.puntociegoeditorial.com\/web\/wp-json\/wp\/v2\/comments?post=4817"}],"version-history":[{"count":1,"href":"https:\/\/www.puntociegoeditorial.com\/web\/wp-json\/wp\/v2\/posts\/4817\/revisions"}],"predecessor-version":[{"id":4819,"href":"https:\/\/www.puntociegoeditorial.com\/web\/wp-json\/wp\/v2\/posts\/4817\/revisions\/4819"}],"wp:featuredmedia":[{"embeddable":true,"href":"https:\/\/www.puntociegoeditorial.com\/web\/wp-json\/wp\/v2\/media\/4818"}],"wp:attachment":[{"href":"https:\/\/www.puntociegoeditorial.com\/web\/wp-json\/wp\/v2\/media?parent=4817"}],"wp:term":[{"taxonomy":"category","embeddable":true,"href":"https:\/\/www.puntociegoeditorial.com\/web\/wp-json\/wp\/v2\/categories?post=4817"},{"taxonomy":"post_tag","embeddable":true,"href":"https:\/\/www.puntociegoeditorial.com\/web\/wp-json\/wp\/v2\/tags?post=4817"}],"curies":[{"name":"wp","href":"https:\/\/api.w.org\/{rel}","templated":true}]}}