{"id":4823,"date":"2021-11-16T21:10:10","date_gmt":"2021-11-17T04:10:10","guid":{"rendered":"https:\/\/puntociegoeditorial.com\/web\/?p=4823"},"modified":"2021-11-16T21:10:10","modified_gmt":"2021-11-17T04:10:10","slug":"gobierno-de-culiacan-inicia-construccion-de-accion-de-vivienda-para-familia-que-perdio-su-casa-en-incendio-de-la-col-renato-vega","status":"publish","type":"post","link":"https:\/\/www.puntociegoeditorial.com\/web\/2021\/11\/16\/gobierno-de-culiacan-inicia-construccion-de-accion-de-vivienda-para-familia-que-perdio-su-casa-en-incendio-de-la-col-renato-vega\/","title":{"rendered":"Gobierno de Culiac\u00e1n inicia construcci\u00f3n de Acci\u00f3n de Vivienda para familia que perdi\u00f3 su casa en incendio de la col. Renato Vega"},"content":{"rendered":"\n<p>Culiac\u00e1n, Sinaloa, a 16 de noviembre de 2021.- El Gobierno Municipal de Culiac\u00e1n que preside el alcalde Lic. Jes\u00fas Estrada Ferreiro, inici\u00f3 los trabajos de construcci\u00f3n de una acci\u00f3n de vivienda para la se\u00f1ora Bianca Melitza S\u00e1nchez Machado y su familia, en la Colonia Renato Vega Amador.<\/p>\n\n\n\n<p>Fue el pasado viernes 29 de octubre cuando la vivienda construida a base de l\u00e1mina y madera se quem\u00f3 quedando consumida en cenizas, por lo que Bianca y su familia perdieron todas sus pertenencias.<\/p>\n\n\n\n<p>De inmediato la Sra. Lupita L\u00f3pez de Estrada, presidente del Sistema DIF Culiac\u00e1n y el alcalde Estrada Ferreiro, instruyeron para que el Instituto Municipal de Vivienda (INMUVI) atendiera el caso.<\/p>\n\n\n\n<p>En este sentido, el director general de dicho instituto Jos\u00e9 Luis Ram\u00edrez Sarabia, inmediatamente dio seguimiento a la situaci\u00f3n, por lo que ya se inici\u00f3 con el proceso de edificaci\u00f3n de la acci\u00f3n de vivienda.<\/p>\n\n\n\n<p>Como parte de los detalles t\u00e9cnicos, inform\u00f3 que se trata de la construcci\u00f3n de 19.2 m2, adaptados como 2 cuartos dormitorio, elaborados con losa de cimentaci\u00f3n de concreto armado, muros de block y techo de losa maciza.<\/p>\n\n\n\n<p>Adem\u00e1s, agreg\u00f3 que incluye la instalaci\u00f3n de la puerta principal, 2 ventanas, impermeabilizante e instalaciones el\u00e9ctricas.<\/p>\n\n\n\n<p>Con estas acciones, el presidente municipal refrenda su compromiso y sensibilidad para atender a familias como la de la se\u00f1ora Bianca.<\/p>\n","protected":false},"excerpt":{"rendered":"<p>Culiac\u00e1n, Sinaloa, a 16 de noviembre de 2021.- El Gobierno Municipal de Culiac\u00e1n que preside el alcalde Lic. Jes\u00fas Estrada Ferreiro, inici\u00f3 los trabajos de construcci\u00f3n de una acci\u00f3n de vivienda para la se\u00f1ora Bianca Melitza S\u00e1nchez Machado y su familia, en la Colonia Renato Vega Amador. Fue el pasado viernes 29 de octubre cuando [&hellip;]<\/p>\n","protected":false},"author":2,"featured_media":4824,"comment_status":"open","ping_status":"open","sticky":false,"template":"","format":"standard","meta":{"_mi_skip_tracking":false,"footnotes":""},"categories":[12],"tags":[26,340,59],"class_list":["post-4823","post","type-post","status-publish","format-standard","has-post-thumbnail","hentry","category-ciudad","tag-culiacan","tag-inmuvi","tag-jesus-estrada-ferreiro"],"_links":{"self":[{"href":"https:\/\/www.puntociegoeditorial.com\/web\/wp-json\/wp\/v2\/posts\/4823","targetHints":{"allow":["GET"]}}],"collection":[{"href":"https:\/\/www.puntociegoeditorial.com\/web\/wp-json\/wp\/v2\/posts"}],"about":[{"href":"https:\/\/www.puntociegoeditorial.com\/web\/wp-json\/wp\/v2\/types\/post"}],"author":[{"embeddable":true,"href":"https:\/\/www.puntociegoeditorial.com\/web\/wp-json\/wp\/v2\/users\/2"}],"replies":[{"embeddable":true,"href":"https:\/\/www.puntociegoeditorial.com\/web\/wp-json\/wp\/v2\/comments?post=4823"}],"version-history":[{"count":1,"href":"https:\/\/www.puntociegoeditorial.com\/web\/wp-json\/wp\/v2\/posts\/4823\/revisions"}],"predecessor-version":[{"id":4825,"href":"https:\/\/www.puntociegoeditorial.com\/web\/wp-json\/wp\/v2\/posts\/4823\/revisions\/4825"}],"wp:featuredmedia":[{"embeddable":true,"href":"https:\/\/www.puntociegoeditorial.com\/web\/wp-json\/wp\/v2\/media\/4824"}],"wp:attachment":[{"href":"https:\/\/www.puntociegoeditorial.com\/web\/wp-json\/wp\/v2\/media?parent=4823"}],"wp:term":[{"taxonomy":"category","embeddable":true,"href":"https:\/\/www.puntociegoeditorial.com\/web\/wp-json\/wp\/v2\/categories?post=4823"},{"taxonomy":"post_tag","embeddable":true,"href":"https:\/\/www.puntociegoeditorial.com\/web\/wp-json\/wp\/v2\/tags?post=4823"}],"curies":[{"name":"wp","href":"https:\/\/api.w.org\/{rel}","templated":true}]}}