{"id":4826,"date":"2021-11-16T21:11:38","date_gmt":"2021-11-17T04:11:38","guid":{"rendered":"https:\/\/puntociegoeditorial.com\/web\/?p=4826"},"modified":"2021-11-16T21:11:38","modified_gmt":"2021-11-17T04:11:38","slug":"asume-eliazar-gutierrez-angulo-la-direccion-de-programas-preventivos-de-la-ssp-sinaloa","status":"publish","type":"post","link":"https:\/\/www.puntociegoeditorial.com\/web\/2021\/11\/16\/asume-eliazar-gutierrez-angulo-la-direccion-de-programas-preventivos-de-la-ssp-sinaloa\/","title":{"rendered":"Asume Eliazar Guti\u00e9rrez Angulo la Direcci\u00f3n de Programas Preventivos de la SSP Sinaloa"},"content":{"rendered":"\n<p>El secretario Crist\u00f3bal Casta\u00f1eda Camarillo le tom\u00f3 la protesta.<\/p>\n\n\n\n<p>Culiac\u00e1n, Sinaloa, 16 de noviembre de 2021.- El secretario de Seguridad P\u00fablica de Sinaloa, Crist\u00f3bal Casta\u00f1eda Camarillo, le tom\u00f3 protesta a Eliazar Guti\u00e9rrez Angulo como director de Programas Preventivos de esta dependencia.<\/p>\n\n\n\n<p>Acompa\u00f1ado de la subsecretaria de Estudio, Proyectos y Desarrollo, Yeraldine Bonilla Valverde; y el subsecretario de Seguridad, Prevenci\u00f3n y Reinserci\u00f3n Social, Carlos Alberto Hern\u00e1ndez Leyva, le solicit\u00f3 que trabajara en pro de la prevenci\u00f3n social del delito y conductas antisociales a trav\u00e9s de las acciones necesarias.<\/p>\n\n\n\n<p>Por su parte, el nuevo director se comprometi\u00f3 a mantener una estrecha coordinaci\u00f3n con el resto de direcciones e instancias que colaboran en el \u00e1rea preventiva, pero, principalmente, buscar permanentemente la colaboraci\u00f3n de la ciudadan\u00eda.<\/p>\n","protected":false},"excerpt":{"rendered":"<p>El secretario Crist\u00f3bal Casta\u00f1eda Camarillo le tom\u00f3 la protesta. Culiac\u00e1n, Sinaloa, 16 de noviembre de 2021.- El secretario de Seguridad P\u00fablica de Sinaloa, Crist\u00f3bal Casta\u00f1eda Camarillo, le tom\u00f3 protesta a Eliazar Guti\u00e9rrez Angulo como director de Programas Preventivos de esta dependencia. Acompa\u00f1ado de la subsecretaria de Estudio, Proyectos y Desarrollo, Yeraldine Bonilla Valverde; y el [&hellip;]<\/p>\n","protected":false},"author":2,"featured_media":4827,"comment_status":"open","ping_status":"open","sticky":false,"template":"","format":"standard","meta":{"_mi_skip_tracking":false,"footnotes":""},"categories":[13],"tags":[108,875,21,876],"class_list":["post-4826","post","type-post","status-publish","format-standard","has-post-thumbnail","hentry","category-sinaloa","tag-eliazar-gutierrez","tag-secretario-de-seguridad-publica","tag-sinaloa","tag-ssp"],"_links":{"self":[{"href":"https:\/\/www.puntociegoeditorial.com\/web\/wp-json\/wp\/v2\/posts\/4826","targetHints":{"allow":["GET"]}}],"collection":[{"href":"https:\/\/www.puntociegoeditorial.com\/web\/wp-json\/wp\/v2\/posts"}],"about":[{"href":"https:\/\/www.puntociegoeditorial.com\/web\/wp-json\/wp\/v2\/types\/post"}],"author":[{"embeddable":true,"href":"https:\/\/www.puntociegoeditorial.com\/web\/wp-json\/wp\/v2\/users\/2"}],"replies":[{"embeddable":true,"href":"https:\/\/www.puntociegoeditorial.com\/web\/wp-json\/wp\/v2\/comments?post=4826"}],"version-history":[{"count":1,"href":"https:\/\/www.puntociegoeditorial.com\/web\/wp-json\/wp\/v2\/posts\/4826\/revisions"}],"predecessor-version":[{"id":4828,"href":"https:\/\/www.puntociegoeditorial.com\/web\/wp-json\/wp\/v2\/posts\/4826\/revisions\/4828"}],"wp:featuredmedia":[{"embeddable":true,"href":"https:\/\/www.puntociegoeditorial.com\/web\/wp-json\/wp\/v2\/media\/4827"}],"wp:attachment":[{"href":"https:\/\/www.puntociegoeditorial.com\/web\/wp-json\/wp\/v2\/media?parent=4826"}],"wp:term":[{"taxonomy":"category","embeddable":true,"href":"https:\/\/www.puntociegoeditorial.com\/web\/wp-json\/wp\/v2\/categories?post=4826"},{"taxonomy":"post_tag","embeddable":true,"href":"https:\/\/www.puntociegoeditorial.com\/web\/wp-json\/wp\/v2\/tags?post=4826"}],"curies":[{"name":"wp","href":"https:\/\/api.w.org\/{rel}","templated":true}]}}