{"id":48755,"date":"2024-11-29T21:12:46","date_gmt":"2024-11-30T04:12:46","guid":{"rendered":"https:\/\/www.puntociegoeditorial.com\/web\/?p=48755"},"modified":"2024-11-29T21:14:30","modified_gmt":"2024-11-30T04:14:30","slug":"jornada-violenta-deja-siete-asesinados-en-sinaloa-hoy-ssp","status":"publish","type":"post","link":"https:\/\/www.puntociegoeditorial.com\/web\/2024\/11\/29\/jornada-violenta-deja-siete-asesinados-en-sinaloa-hoy-ssp\/","title":{"rendered":"Jornada violenta deja siete asesinados en Sinaloa, hoy: SSP"},"content":{"rendered":"\n<p><strong>   CULIAC\u00c1N, SINALOA, a viernes 29 de noviembre de 2024.- <\/strong> Se recibi\u00f3 llamada al n\u00famero de emergencias, que en la sindicatura de Costar Rica, municipio de Culiac\u00e1n, sobre una persona de sexo masculino que hab\u00eda sido privada de la vida por civiles armados, llegaron a un domicilio donde velaban el cuerpo de una persona. Acudieron autoridades de los tres \u00f3rdenes de Gobierno, y localizan a un masculino con impactos de arma de fuego fuera del domicilio. Se hace cargo Fiscal\u00eda.<\/p>\n\n\n\n<p>En Culiac\u00e1n, se tuvo reporte al 911, que en la colonia Tierra Blanca, en el interior de un canal, sin agua, se encontraba una persona tirada con una cuerda en la espalda. Atendi\u00f3 Polic\u00eda Estatal Preventiva y encontr\u00f3 a un masculino tirado boca abajo, con signos de violencia. Se hizo cargo Fiscal\u00eda.<\/p>\n\n\n\n<p>Se report\u00f3 al 911, que en la colonia Sinaloa, en Culiac\u00e1n, se encontraba sobre la v\u00eda p\u00fablica una botella con fuerte olor a qu\u00edmicos, la tapa del embace estaba rota. Acudi\u00f3 Polic\u00eda Municipal y confirma la localizaci\u00f3n de una botella de pl\u00e1stico con l\u00edquido transparente y que expide un fuerte olor a qu\u00edmico, por lo que se solicita presencia de Protecci\u00f3n Civil Municipal. Al lugar acudi\u00f3 personal de FGR quien finalmente asegur\u00f3 y retir\u00f3 la botella de pl\u00e1stico.<\/p>\n\n\n\n<p>Se recibieron reportes al 911, que a la altura del pante\u00f3n Jardines del Humaya y la entrada del fraccionamiento Alturas del Sur, en Culiac\u00e1n, se escucharon detonaciones de arma de fuego. Acudieron elementos de la Polic\u00eda Estatal Preventiva y encuentran dos personas lesionadas por disparos de arma de fuego, ambos son sexos masculinos; fueron atendidos y trasladados por Cruz Roja a un hospital. En el lugar se encontraba personal de la Defensa. Se hace cargo FGR.<\/p>\n\n\n\n<p>En Culiac\u00e1n, se recibi\u00f3 reporte al 911 que en una plaza comercial ubicada por el bulevar Pedro Infante, se encontraba una camioneta en estado de abandono con las puertas abiertas. Atendi\u00f3 el llamado Polic\u00eda Estatal Preventiva y localiza la unidad se\u00f1alada, estaba cerrada y no se visualiza nada il\u00edcito en el interior, tampoco en los alrededores, se reporta sin novedad.<\/p>\n\n\n\n<p>Se tuvo reporte al n\u00famero de emergencias, que en la colonia Tierra Blanca, en Culiac\u00e1n, en una empresa de diagn\u00f3sticos de salud, hab\u00edan dejado un bolso negro con algunas pertenencias personales y un arma de fuego. Acudieron elementos de la Polic\u00eda Estatal Preventiva, revisaron el arma y se determin\u00f3 que era de pl\u00e1stico, se report\u00f3 sin novedad.<\/p>\n\n\n\n<p>En Culiac\u00e1n, se report\u00f3 al 911, que en la colonia Renato Vega Alvarado, se encontraba una persona de sexo masculino boca arriba, al parecer con impactos de arma de fuego y que conduc\u00eda una motocicleta. Acude Polic\u00eda Estatal Preventiva y encuentra a un civil masculino sin signos vitales por disparo de arma de fuego. Se hace cargo Fiscal\u00eda.<\/p>\n\n\n\n<p>Se tuvo reporte al n\u00famero de emergencias que, por el camino de terracer\u00eda que conduce del ejido El Quemadito a las Bateas, de la sindicatura de Costa Rica, perteneciente a Culiac\u00e1n, se localiz\u00f3 una persona sin vida, con disparos de arma de fuego, de sexo masculino; fue localizado tirado en estado de descomposici\u00f3n. Confirm\u00f3 Polic\u00eda Estatal, se hace cargo Fiscal\u00eda.<\/p>\n\n\n\n<p>En Culiac\u00e1n, se recibi\u00f3 llamada al 911, que por el bulevar Emiliano Zapata, a la altura de la colonia El Vallado, el reportante mencion\u00f3 que intentaron privarlo de la libertad, sali\u00f3 de su carro, los responsables le dispararon, pero logr\u00f3 ponerse a salvo. Acudieron las fuerzas de seguridad y localizan la unidad abandonada con da\u00f1os provocados por disparos de arma de fuego. Se hace cargo Fiscal\u00eda.<\/p>\n\n\n\n<p>Se recibi\u00f3 reporte al 911, que en la colonia Antonio Rosales, en Culiac\u00e1n, se encontraba una persona de sexo masculino tirado con una lesi\u00f3n por disparo de arma de fuego. Acudieron unidades oficiales y no localizaron nada. Se inform\u00f3 que fue trasladado por Cruz Roja a un hospital, presenta herida en un muslo por disparo. Confirm\u00f3 Polic\u00eda Municipal, se hace cargo Fiscal\u00eda.<\/p>\n\n\n\n<p>Se tuvo reporte al 911 que, en Culiac\u00e1n, en la colonia 21 de Marzo, hab\u00eda muchas personas portando armas de fuego detr\u00e1s de una Iglesia. Atendieron Polic\u00edas Estatales y encontraron un domicilio con da\u00f1os en el port\u00f3n, no presenta disparos de arma de fuego.<\/p>\n\n\n\n<p>En Culiac\u00e1n, en la colonia El Vallado, report\u00f3 al 911, una persona de sexo femenino que su esposo hab\u00eda sido lesionado por disparo de arma de fuego, fue trasladado por sus propios medios a un hospital. Acudieron fuerzas de seguridad, confirman la persona lesionada, pero no se obtiene informaci\u00f3n de c\u00f3mo sucedieron los hechos, tampoco datos de los responsables. Se hace cargo Fiscal\u00eda.<\/p>\n\n\n\n<p>Se tuvo reporte al 911, que en la colonia Antonio Toledo Corro, en Culiac\u00e1n, enseguida de un taller, llegaron a bordo de un veh\u00edculo civiles armados y dispararon contra personas que estaban en el lugar. Acudieron las fuerzas de seguridad p\u00fablica y localizan a dos personas de sexo masculino sin signos vitales, por disparo de arma de fuego y uno m\u00e1s lesionado por mismas causas, fue traslado por Cruz Roja a un hospital. Se asegur\u00f3 el \u00e1rea para la intervenci\u00f3n de la autoridad competente.<\/p>\n\n\n\n<p><\/p>\n","protected":false},"excerpt":{"rendered":"<p>CULIAC\u00c1N, SINALOA, a viernes 29 de noviembre de 2024.- Se recibi\u00f3 llamada al n\u00famero de emergencias, que en la sindicatura de Costar Rica, municipio de Culiac\u00e1n, sobre una persona de sexo masculino que hab\u00eda sido privada de la vida por civiles armados, llegaron a un domicilio donde velaban el cuerpo de una persona. Acudieron autoridades [&hellip;]<\/p>\n","protected":false},"author":9,"featured_media":48759,"comment_status":"closed","ping_status":"open","sticky":false,"template":"","format":"standard","meta":{"_mi_skip_tracking":false,"footnotes":""},"categories":[13],"tags":[],"class_list":["post-48755","post","type-post","status-publish","format-standard","has-post-thumbnail","hentry","category-sinaloa"],"_links":{"self":[{"href":"https:\/\/www.puntociegoeditorial.com\/web\/wp-json\/wp\/v2\/posts\/48755","targetHints":{"allow":["GET"]}}],"collection":[{"href":"https:\/\/www.puntociegoeditorial.com\/web\/wp-json\/wp\/v2\/posts"}],"about":[{"href":"https:\/\/www.puntociegoeditorial.com\/web\/wp-json\/wp\/v2\/types\/post"}],"author":[{"embeddable":true,"href":"https:\/\/www.puntociegoeditorial.com\/web\/wp-json\/wp\/v2\/users\/9"}],"replies":[{"embeddable":true,"href":"https:\/\/www.puntociegoeditorial.com\/web\/wp-json\/wp\/v2\/comments?post=48755"}],"version-history":[{"count":2,"href":"https:\/\/www.puntociegoeditorial.com\/web\/wp-json\/wp\/v2\/posts\/48755\/revisions"}],"predecessor-version":[{"id":48758,"href":"https:\/\/www.puntociegoeditorial.com\/web\/wp-json\/wp\/v2\/posts\/48755\/revisions\/48758"}],"wp:featuredmedia":[{"embeddable":true,"href":"https:\/\/www.puntociegoeditorial.com\/web\/wp-json\/wp\/v2\/media\/48759"}],"wp:attachment":[{"href":"https:\/\/www.puntociegoeditorial.com\/web\/wp-json\/wp\/v2\/media?parent=48755"}],"wp:term":[{"taxonomy":"category","embeddable":true,"href":"https:\/\/www.puntociegoeditorial.com\/web\/wp-json\/wp\/v2\/categories?post=48755"},{"taxonomy":"post_tag","embeddable":true,"href":"https:\/\/www.puntociegoeditorial.com\/web\/wp-json\/wp\/v2\/tags?post=48755"}],"curies":[{"name":"wp","href":"https:\/\/api.w.org\/{rel}","templated":true}]}}