{"id":50799,"date":"2025-01-24T10:41:25","date_gmt":"2025-01-24T17:41:25","guid":{"rendered":"https:\/\/www.puntociegoeditorial.com\/web\/?p=50799"},"modified":"2025-01-25T12:19:10","modified_gmt":"2025-01-25T19:19:10","slug":"apoyos-invernales-de-dif-bienestar-culiacan-llegan-a-la-higuerita-y-20-comunidades-mas","status":"publish","type":"post","link":"https:\/\/www.puntociegoeditorial.com\/web\/2025\/01\/24\/apoyos-invernales-de-dif-bienestar-culiacan-llegan-a-la-higuerita-y-20-comunidades-mas\/","title":{"rendered":"Apoyos invernales de DIF Bienestar Culiac\u00e1n llegan a La Higuerita y 20 comunidades m\u00e1s"},"content":{"rendered":"\n<p>Culiac\u00e1n Sinaloa, 23 de enero del 2025.-<br>Con el prop\u00f3sito de apoyar a las familias que se encuentran en situaci\u00f3n de vulnerabilidad ante las presentes bajas temperaturas, el Sistema DIF Bienestar Culiac\u00e1n, ha distribuido apoyos invernales en m\u00e1s de 20 comunidades.<\/p>\n\n\n\n<p>La presidenta del DIF municipal Irma Nidya Gasca Aldama, visit\u00f3 la tarde de este jueves a m\u00e1s de 50 familias de la comunidad La Higuerita en la sindicatura de Culiacancito, a quienes entreg\u00f3 apoyos de cobija, despensa y hasta calzado deportivo para ni\u00f1as y ni\u00f1os.<\/p>\n\n\n\n<p>\u201cHoy nos trasladamos a La Higuerita en Culiacancito, entregamos despensas, cobijas, algunos tenis a ni\u00f1as y ni\u00f1os y estamos aqu\u00ed para escuchar a las familias y apoyarlos en lo que necesiten\u201d, expres\u00f3 Gasca Aldama.<\/p>\n\n\n\n<p>La presidenta del DIF explic\u00f3 que estas entregas se realizan a trav\u00e9s de la direcci\u00f3n general y la operativa de la instituci\u00f3n, en coordinaci\u00f3n con la direcci\u00f3n municipal Protecci\u00f3n Civil.<\/p>\n\n\n\n<p>En promedio, el DIF municipal ha distribuido m\u00e1s de 870 apoyos invernales en las comunidades de El Tomo, Higueras de Tachinolpa, La Cuesta, Los Algodones, Arroyo Grande, Arrollo de la Higuera, El Rinc\u00f3n, Los Mayos, El Sinaloense, El Bernal, Pen\u00ednsula de Villamoros, Los Lobitos y Agua Verde, El Platanar, Zalate de los Ibarra, El Potrero de Abajo, El Potrero de Arriba, La Higuerita, Palos Blancos, Realito y Copaco.<\/p>\n\n\n\n<p>Cabe se\u00f1alar que estos apoyos seguir\u00e1n llegando a m\u00e1s familias en diversas comunidades este viernes.<\/p>\n","protected":false},"excerpt":{"rendered":"<p>Culiac\u00e1n Sinaloa, 23 de enero del 2025.-Con el prop\u00f3sito de apoyar a las familias que se encuentran en situaci\u00f3n de vulnerabilidad ante las presentes bajas temperaturas, el Sistema DIF Bienestar Culiac\u00e1n, ha distribuido apoyos invernales en m\u00e1s de 20 comunidades. La presidenta del DIF municipal Irma Nidya Gasca Aldama, visit\u00f3 la tarde de este jueves [&hellip;]<\/p>\n","protected":false},"author":2,"featured_media":0,"comment_status":"closed","ping_status":"open","sticky":false,"template":"","format":"standard","meta":{"_mi_skip_tracking":false,"footnotes":""},"categories":[1],"tags":[],"class_list":["post-50799","post","type-post","status-publish","format-standard","hentry","category-uncategorized"],"_links":{"self":[{"href":"https:\/\/www.puntociegoeditorial.com\/web\/wp-json\/wp\/v2\/posts\/50799","targetHints":{"allow":["GET"]}}],"collection":[{"href":"https:\/\/www.puntociegoeditorial.com\/web\/wp-json\/wp\/v2\/posts"}],"about":[{"href":"https:\/\/www.puntociegoeditorial.com\/web\/wp-json\/wp\/v2\/types\/post"}],"author":[{"embeddable":true,"href":"https:\/\/www.puntociegoeditorial.com\/web\/wp-json\/wp\/v2\/users\/2"}],"replies":[{"embeddable":true,"href":"https:\/\/www.puntociegoeditorial.com\/web\/wp-json\/wp\/v2\/comments?post=50799"}],"version-history":[{"count":1,"href":"https:\/\/www.puntociegoeditorial.com\/web\/wp-json\/wp\/v2\/posts\/50799\/revisions"}],"predecessor-version":[{"id":50800,"href":"https:\/\/www.puntociegoeditorial.com\/web\/wp-json\/wp\/v2\/posts\/50799\/revisions\/50800"}],"wp:attachment":[{"href":"https:\/\/www.puntociegoeditorial.com\/web\/wp-json\/wp\/v2\/media?parent=50799"}],"wp:term":[{"taxonomy":"category","embeddable":true,"href":"https:\/\/www.puntociegoeditorial.com\/web\/wp-json\/wp\/v2\/categories?post=50799"},{"taxonomy":"post_tag","embeddable":true,"href":"https:\/\/www.puntociegoeditorial.com\/web\/wp-json\/wp\/v2\/tags?post=50799"}],"curies":[{"name":"wp","href":"https:\/\/api.w.org\/{rel}","templated":true}]}}