{"id":50805,"date":"2025-01-25T10:59:15","date_gmt":"2025-01-25T17:59:15","guid":{"rendered":"https:\/\/www.puntociegoeditorial.com\/web\/?p=50805"},"modified":"2025-01-25T12:21:13","modified_gmt":"2025-01-25T19:21:13","slug":"inicia-en-tecualilla-la-ruta-de-la-jornada-de-atencion-medica-de-primer-contacto-en-lugares-de-dificil-acceso","status":"publish","type":"post","link":"https:\/\/www.puntociegoeditorial.com\/web\/2025\/01\/25\/inicia-en-tecualilla-la-ruta-de-la-jornada-de-atencion-medica-de-primer-contacto-en-lugares-de-dificil-acceso\/","title":{"rendered":"Inicia en Tecualilla la Ruta de la Jornada de Atenci\u00f3n M\u00e9dica de Primer Contacto en Lugares de Dif\u00edcil Acceso."},"content":{"rendered":"\n<p>Tecualilla, Escuinapa, Sinaloa. A 24 de enero del 2025.<\/p>\n\n\n\n<p>En una importante labor conjunta para garantizar el acceso a servicios de salud y bienestar en comunidades vulnerables, las Secretar\u00edas de Marina, Bienestar, Salud y Seguridad, en coordinaci\u00f3n con Protecci\u00f3n Civil, el Sistema DIF Municipal y el Ayuntamiento de Escuinapa, llevaron a cabo la jornada de atenci\u00f3n m\u00e9dica de primer contacto en lugares de dif\u00edcil acceso.<\/p>\n\n\n\n<p>La actividad, realizada en el Comisariado Ejidal de Tecualilla, tuvo como objetivo principal brindar m\u00faltiples servicios gratuitos y de atenci\u00f3n integral a las y los habitantes de la localidad, con el prop\u00f3sito de fortalecer el bienestar social y construir un municipio m\u00e1s saludable.<\/p>\n\n\n\n<p>Durante este esfuerzo, se ofrecieron un total de 183 atenciones, entre los que se incluyeron: medicina general, enfermer\u00eda, oferta laboral, orientaci\u00f3n educativa, peluquer\u00eda, reparaci\u00f3n menor de aparatos electrodom\u00e9sticos, soldadura, nutrici\u00f3n, asesor\u00eda jur\u00eddica, odontolog\u00eda, trabajo social y psicolog\u00eda.<\/p>\n\n\n\n<p>Estuvo encabezada por el Capit\u00e1n de Corbeta Adri\u00e1n D\u00edaz Rivera, de la Cuarta Regi\u00f3n Naval de la Secretar\u00eda de Marina. Asimismo, en representaci\u00f3n del alcalde de Escuinapa, Dr. V\u00edctor Manuel D\u00edaz Simental, participaron Kimberly Grave L\u00f3pez, Directora de Atenci\u00f3n Ciudadana, y el Secretario de Presidencia, Dr. Oma\u00f1a Dom\u00ednguez.<\/p>\n\n\n\n<p>La Ruta de la Jornada de Atenci\u00f3n M\u00e9dica de Primer Contacto continuar\u00e1 en otras localidades, con fechas programadas en:<\/p>\n\n\n\n<ul class=\"wp-block-list\">\n<li>Ejido La Campana: Mi\u00e9rcoles 29 de enero, en el Comisariado Ejidal.<\/li>\n\n\n\n<li>Sindicatura de Palmillas: Jueves 30 y viernes 31 de enero, en el Comisariado Ejidal.<\/li>\n<\/ul>\n\n\n\n<p>Donde se contar\u00e1 con la participaci\u00f3n de especialistas y profesionales de los organismos y dependencias antes mencionados, reafirmando el compromiso de las instituciones con el bienestar de los grupos prioritarios de Escuinapa.<\/p>\n","protected":false},"excerpt":{"rendered":"<p>Tecualilla, Escuinapa, Sinaloa. A 24 de enero del 2025. En una importante labor conjunta para garantizar el acceso a servicios de salud y bienestar en comunidades vulnerables, las Secretar\u00edas de Marina, Bienestar, Salud y Seguridad, en coordinaci\u00f3n con Protecci\u00f3n Civil, el Sistema DIF Municipal y el Ayuntamiento de Escuinapa, llevaron a cabo la jornada de [&hellip;]<\/p>\n","protected":false},"author":2,"featured_media":50806,"comment_status":"closed","ping_status":"open","sticky":false,"template":"","format":"standard","meta":{"_mi_skip_tracking":false,"footnotes":""},"categories":[13],"tags":[],"class_list":["post-50805","post","type-post","status-publish","format-standard","has-post-thumbnail","hentry","category-sinaloa"],"_links":{"self":[{"href":"https:\/\/www.puntociegoeditorial.com\/web\/wp-json\/wp\/v2\/posts\/50805","targetHints":{"allow":["GET"]}}],"collection":[{"href":"https:\/\/www.puntociegoeditorial.com\/web\/wp-json\/wp\/v2\/posts"}],"about":[{"href":"https:\/\/www.puntociegoeditorial.com\/web\/wp-json\/wp\/v2\/types\/post"}],"author":[{"embeddable":true,"href":"https:\/\/www.puntociegoeditorial.com\/web\/wp-json\/wp\/v2\/users\/2"}],"replies":[{"embeddable":true,"href":"https:\/\/www.puntociegoeditorial.com\/web\/wp-json\/wp\/v2\/comments?post=50805"}],"version-history":[{"count":1,"href":"https:\/\/www.puntociegoeditorial.com\/web\/wp-json\/wp\/v2\/posts\/50805\/revisions"}],"predecessor-version":[{"id":50807,"href":"https:\/\/www.puntociegoeditorial.com\/web\/wp-json\/wp\/v2\/posts\/50805\/revisions\/50807"}],"wp:featuredmedia":[{"embeddable":true,"href":"https:\/\/www.puntociegoeditorial.com\/web\/wp-json\/wp\/v2\/media\/50806"}],"wp:attachment":[{"href":"https:\/\/www.puntociegoeditorial.com\/web\/wp-json\/wp\/v2\/media?parent=50805"}],"wp:term":[{"taxonomy":"category","embeddable":true,"href":"https:\/\/www.puntociegoeditorial.com\/web\/wp-json\/wp\/v2\/categories?post=50805"},{"taxonomy":"post_tag","embeddable":true,"href":"https:\/\/www.puntociegoeditorial.com\/web\/wp-json\/wp\/v2\/tags?post=50805"}],"curies":[{"name":"wp","href":"https:\/\/api.w.org\/{rel}","templated":true}]}}