{"id":50808,"date":"2025-01-25T10:59:48","date_gmt":"2025-01-25T17:59:48","guid":{"rendered":"https:\/\/www.puntociegoeditorial.com\/web\/?p=50808"},"modified":"2025-01-25T12:21:19","modified_gmt":"2025-01-25T19:21:19","slug":"acuerda-comision-de-derechos-humanos-que-de-12-aspirantes-a-titular-de-la-cedh-8-continuen-proceso-de-eleccion","status":"publish","type":"post","link":"https:\/\/www.puntociegoeditorial.com\/web\/2025\/01\/25\/acuerda-comision-de-derechos-humanos-que-de-12-aspirantes-a-titular-de-la-cedh-8-continuen-proceso-de-eleccion\/","title":{"rendered":"Acuerda Comisi\u00f3n de Derechos Humanos que de 12 aspirantes a titular de la CEDH 8 contin\u00faen proceso de elecci\u00f3n"},"content":{"rendered":"\n<p>Culiac\u00e1n, Sinaloa, 24 de enero de 2025.- De 12 personas aspirantes y registradas a ocupar la presidencia de la Comisi\u00f3n Estatal de Derechos Humano, diputada y diputados aprobaron que ocho contin\u00faen el proceso de elecci\u00f3n por m\u00e9rito, en tanto que se acord\u00f3 que las restantes cuatro no contin\u00faen por no cumplir con algunos de los requisitos establecidos en la correspondiente convocatoria.<\/p>\n\n\n\n<p>El acuerdo fue aprobado por unanimidad de las y los integrantes de la Comisi\u00f3n de Derechos Humanos del Congreso del Estado de Sinaloa, la diputada y diputados Pedro Alonso Villegas Lobo, Karina Isabel Franco Meza, Sergio Torres F\u00e9lix y Juan Carlos Patr\u00f3n Rosales, presidente, secretaria y vocales, respectivamente.<\/p>\n\n\n\n<p>Las personas aspirantes que podr\u00e1n continuar con el proceso de designaci\u00f3n por s\u00ed cumplir con los requisitos de elegibilidad son:<\/p>\n\n\n\n<p>1) \u00d3scar Loza Ochoa.<br>2) Lucila Ayala de Moreschi.<br>3) Aldo Ruiz Gonz\u00e1lez.<br>4) Juliana Araujo Coronel.<br>5) Jes\u00fas Martina Beltr\u00e1n Valenzuela.<br>6) Manuel Ardirnez Osuna.<br>7) Alfonso Salazar Ibarra.<br>8) Miguel \u00c1ngel Calder\u00f3n Espinoza.<\/p>\n\n\n\n<p>Las personas aspirantes que no podr\u00e1n continuar son:<br>Mar\u00eda del Rosario Valdez P\u00e1ez.<br>Mar\u00eda Sof\u00eda Torres Morales.<br>Fredy Nampula Trujillo.<br>Lamberto L\u00f3pez L\u00f3pez.<\/p>\n\n\n\n<p>En el acuerdo aprobado la tarde de este viernes, se precisa que quienes s\u00ed continuar\u00e1n con el proceso de elecci\u00f3n por m\u00e9rito deber\u00e1n comparecer durante los d\u00edas martes 28 y 29 de enero conforme al siguiente calendario, horario y formato:<\/p>\n\n\n\n<p>Martes 28 de enero<br>\u00d3scar Loza Ochoa &#8212;&#8212;&#8212;&#8212;&#8212;&#8212;&#8212;&#8212;- de 15:00 a 15:20 horas<br>Lucila Ayala de Moreschi&#8212;&#8212;&#8212;&#8212;&#8212;&#8212; de 15:20 a 15:40 horas<br>Aldo Ruiz Gonz\u00e1lez&#8212;&#8212;&#8212;&#8212;&#8212;&#8212;&#8212;&#8212;- de 15:40 a 16:00 horas<br>Juliana Araujo Coronel &#8212;&#8212;&#8212;&#8212;&#8212;&#8212;&#8212;de 16:00 a 16:20 horas.<br>Mi\u00e9rcoles 29 de enero<br>Jes\u00fas Martina Beltr\u00e1n Valenzuela&#8212;&#8212;&#8212;de 15:00 a 15 20 horas<br>Manuel Ardinez Osuna&#8212;&#8212;&#8212;&#8212;&#8212;&#8212;&#8212; de 15:20 a 15:40 horas.<br>Alfonso Salazar Ibarra &#8212;&#8212;&#8212;&#8212;&#8212;&#8212;&#8212;-de 15:40 a 16:00 horas<br>Miguel \u00c1ngel Calder\u00f3n Espinoza &#8212;&#8212;&#8211;de 16:00 a 16:20 horas<\/p>\n\n\n\n<p>Las personas aspirantes que no acudan el d\u00eda y hora fijados, no podr\u00e1n desahogar su comparecencia en otro horario y ser\u00e1n consideradas y analizadas sus propuestas con la informaci\u00f3n y documentaci\u00f3n con que se cuente.<\/p>\n\n\n\n<p>Durante las comparecencias cada persona aspirante tendr\u00e1 un tiempo de hasta 10 minutos para realizar una exposici\u00f3n libre relacionada con su proyecto de trabajo y las razones que justifiquen su idoneidad en el cargo. Transcurrido este tiempo iniciar\u00e1 un bloque de preguntas en el cual la persona aspirante deber\u00e1 desahogar las respuestas en una sola intervenci\u00f3n, y en un ejercicio de equidad se privilegiar\u00e1 el no superar en ning\u00fan caso la duraci\u00f3n m\u00e1xima de 10 minutos por cada persona aspirante.<\/p>\n\n\n\n<p>Todas las comparecencias ser\u00e1n p\u00fablicas y transmitidas en vivo a trav\u00e9s de las diferentes plataformas digitales con que cuenta el Congreso del Estado.<br>Quienes integran la Comisi\u00f3n de Derechos Humanos del Congreso del Estado evaluar\u00e1n el desempe\u00f1o de las personas aspirantes durante sus comparecencias y tomar\u00e1n en consideraci\u00f3n los siguientes elementos:<\/p>\n\n\n\n<p>*Dominio del tema en relaci\u00f3n a la defensa de los derechos humanos.<br>*Estructura l\u00f3gica de las ideas, claridad de los argumentos, congruencia y uso adecuado del lenguaje.<br>*Capacidad de s\u00edntesis.<br>*Sentido cr\u00edtico en el razonamiento.<br>*Capacidad de advertir los retos que enfrentar\u00e1n en el organismo.<br>*Visi\u00f3n congruente con los prop\u00f3sitos constitucionales en materia de derechos humanos.<\/p>\n\n\n\n<p>Posteriormente la Comisi\u00f3n de Derechos Humanos valorar\u00e1 las comparecencias y documentaci\u00f3n entregada por las personas aspirantes a efecto de emitir el correspondiente dictamen.<\/p>\n","protected":false},"excerpt":{"rendered":"<p>Culiac\u00e1n, Sinaloa, 24 de enero de 2025.- De 12 personas aspirantes y registradas a ocupar la presidencia de la Comisi\u00f3n Estatal de Derechos Humano, diputada y diputados aprobaron que ocho contin\u00faen el proceso de elecci\u00f3n por m\u00e9rito, en tanto que se acord\u00f3 que las restantes cuatro no contin\u00faen por no cumplir con algunos de los [&hellip;]<\/p>\n","protected":false},"author":2,"featured_media":50809,"comment_status":"closed","ping_status":"open","sticky":false,"template":"","format":"standard","meta":{"_mi_skip_tracking":false,"footnotes":""},"categories":[13],"tags":[],"class_list":["post-50808","post","type-post","status-publish","format-standard","has-post-thumbnail","hentry","category-sinaloa"],"_links":{"self":[{"href":"https:\/\/www.puntociegoeditorial.com\/web\/wp-json\/wp\/v2\/posts\/50808","targetHints":{"allow":["GET"]}}],"collection":[{"href":"https:\/\/www.puntociegoeditorial.com\/web\/wp-json\/wp\/v2\/posts"}],"about":[{"href":"https:\/\/www.puntociegoeditorial.com\/web\/wp-json\/wp\/v2\/types\/post"}],"author":[{"embeddable":true,"href":"https:\/\/www.puntociegoeditorial.com\/web\/wp-json\/wp\/v2\/users\/2"}],"replies":[{"embeddable":true,"href":"https:\/\/www.puntociegoeditorial.com\/web\/wp-json\/wp\/v2\/comments?post=50808"}],"version-history":[{"count":1,"href":"https:\/\/www.puntociegoeditorial.com\/web\/wp-json\/wp\/v2\/posts\/50808\/revisions"}],"predecessor-version":[{"id":50810,"href":"https:\/\/www.puntociegoeditorial.com\/web\/wp-json\/wp\/v2\/posts\/50808\/revisions\/50810"}],"wp:featuredmedia":[{"embeddable":true,"href":"https:\/\/www.puntociegoeditorial.com\/web\/wp-json\/wp\/v2\/media\/50809"}],"wp:attachment":[{"href":"https:\/\/www.puntociegoeditorial.com\/web\/wp-json\/wp\/v2\/media?parent=50808"}],"wp:term":[{"taxonomy":"category","embeddable":true,"href":"https:\/\/www.puntociegoeditorial.com\/web\/wp-json\/wp\/v2\/categories?post=50808"},{"taxonomy":"post_tag","embeddable":true,"href":"https:\/\/www.puntociegoeditorial.com\/web\/wp-json\/wp\/v2\/tags?post=50808"}],"curies":[{"name":"wp","href":"https:\/\/api.w.org\/{rel}","templated":true}]}}