{"id":50811,"date":"2025-01-25T11:00:27","date_gmt":"2025-01-25T18:00:27","guid":{"rendered":"https:\/\/www.puntociegoeditorial.com\/web\/?p=50811"},"modified":"2025-01-25T12:21:24","modified_gmt":"2025-01-25T19:21:24","slug":"realizan-actividades-en-el-dia-naranja-unidos-contra-la-violencia-hacia-las-mujeres-adolescentes-y-ninas","status":"publish","type":"post","link":"https:\/\/www.puntociegoeditorial.com\/web\/2025\/01\/25\/realizan-actividades-en-el-dia-naranja-unidos-contra-la-violencia-hacia-las-mujeres-adolescentes-y-ninas\/","title":{"rendered":"Realizan actividades en el D\u00eda Naranja: Unidos contra la violencia hacia las mujeres, adolescentes y ni\u00f1as"},"content":{"rendered":"\n<p>Culiac\u00e1n, Sin., a 24 de enero de 2025.- Este 25 de enero, en conmemoraci\u00f3n del D\u00eda Naranja, dedicado a erradicar la violencia contra las mujeres, adolescentes y ni\u00f1as, se realizaron m\u00faltiples actividades en diversos puntos de la ciudad para promover la reflexi\u00f3n, visibilizar redes de apoyo y construir una cultura de paz.<\/p>\n\n\n\n<p>En el emblem\u00e1tico Kiosko de Catedral se instal\u00f3 una mano gigante, s\u00edmbolo de unidad y solidaridad, donde los asistentes colocaron manos de papel naranja con frases alusivas al respeto y la no violencia.<\/p>\n\n\n\n<p>Posteriormente, personal de la Secretar\u00eda de las Mujeres Municipal se despleg\u00f3 en lugares concurridos como el centro hist\u00f3rico, el mercado Garmendia y el ayuntamiento de Culiac\u00e1n para informar a la ciudadan\u00eda sobre las redes de apoyo disponibles a trav\u00e9s de dicha instituci\u00f3n y otras organizaciones que brindan asistencia a personas en situaci\u00f3n de violencia.<\/p>\n\n\n\n<p>En el Parque Las Riberas, una Mariposa interactiva fue el centro de atracci\u00f3n, invitando a los asistentes a tomarse fotograf\u00edas mientras disfrutaban de actividades recreativas como pintura de figuras de yeso, loter\u00eda y otras din\u00e1micas.<\/p>\n\n\n\n<p>Asimismo, se cont\u00f3 con la presencia de organismos como DIF Bienestar Culiac\u00e1n, Cripavif, y Sipinna, quienes trabajan en conjunto para atender y prevenir la violencia.<\/p>\n\n\n\n<p>Yuridia Rom\u00e1n Garc\u00eda, secretaria ejecutiva del Consejo Municipal para Prevenir y Atender la Violencia Familiar, destac\u00f3 que el objetivo de estas actividades es promover las instancias y herramientas que existen para combatir la violencia de g\u00e9nero y familiar.<\/p>\n\n\n\n<p>Adem\u00e1s, enfatiz\u00f3 la importancia de educar a las infancias sobre valores y formas correctas de interacci\u00f3n, afirmando que \u00abmostrar a las nuevas generaciones los valores y las formas correctas de interactuar abona a la construcci\u00f3n de una cultura de paz\u00bb.<\/p>\n\n\n\n<p>El D\u00eda Naranja recuerda la importancia de seguir trabajando como sociedad para garantizar el respeto y la equidad, visibilizando las problem\u00e1ticas que a\u00fan persisten y promoviendo soluciones que generen un cambio duradero.<\/p>\n","protected":false},"excerpt":{"rendered":"<p>Culiac\u00e1n, Sin., a 24 de enero de 2025.- Este 25 de enero, en conmemoraci\u00f3n del D\u00eda Naranja, dedicado a erradicar la violencia contra las mujeres, adolescentes y ni\u00f1as, se realizaron m\u00faltiples actividades en diversos puntos de la ciudad para promover la reflexi\u00f3n, visibilizar redes de apoyo y construir una cultura de paz. En el emblem\u00e1tico [&hellip;]<\/p>\n","protected":false},"author":2,"featured_media":50812,"comment_status":"closed","ping_status":"open","sticky":false,"template":"","format":"standard","meta":{"_mi_skip_tracking":false,"footnotes":""},"categories":[13],"tags":[],"class_list":["post-50811","post","type-post","status-publish","format-standard","has-post-thumbnail","hentry","category-sinaloa"],"_links":{"self":[{"href":"https:\/\/www.puntociegoeditorial.com\/web\/wp-json\/wp\/v2\/posts\/50811","targetHints":{"allow":["GET"]}}],"collection":[{"href":"https:\/\/www.puntociegoeditorial.com\/web\/wp-json\/wp\/v2\/posts"}],"about":[{"href":"https:\/\/www.puntociegoeditorial.com\/web\/wp-json\/wp\/v2\/types\/post"}],"author":[{"embeddable":true,"href":"https:\/\/www.puntociegoeditorial.com\/web\/wp-json\/wp\/v2\/users\/2"}],"replies":[{"embeddable":true,"href":"https:\/\/www.puntociegoeditorial.com\/web\/wp-json\/wp\/v2\/comments?post=50811"}],"version-history":[{"count":1,"href":"https:\/\/www.puntociegoeditorial.com\/web\/wp-json\/wp\/v2\/posts\/50811\/revisions"}],"predecessor-version":[{"id":50813,"href":"https:\/\/www.puntociegoeditorial.com\/web\/wp-json\/wp\/v2\/posts\/50811\/revisions\/50813"}],"wp:featuredmedia":[{"embeddable":true,"href":"https:\/\/www.puntociegoeditorial.com\/web\/wp-json\/wp\/v2\/media\/50812"}],"wp:attachment":[{"href":"https:\/\/www.puntociegoeditorial.com\/web\/wp-json\/wp\/v2\/media?parent=50811"}],"wp:term":[{"taxonomy":"category","embeddable":true,"href":"https:\/\/www.puntociegoeditorial.com\/web\/wp-json\/wp\/v2\/categories?post=50811"},{"taxonomy":"post_tag","embeddable":true,"href":"https:\/\/www.puntociegoeditorial.com\/web\/wp-json\/wp\/v2\/tags?post=50811"}],"curies":[{"name":"wp","href":"https:\/\/api.w.org\/{rel}","templated":true}]}}