{"id":50814,"date":"2025-01-25T11:04:20","date_gmt":"2025-01-25T18:04:20","guid":{"rendered":"https:\/\/www.puntociegoeditorial.com\/web\/?p=50814"},"modified":"2025-01-25T12:21:42","modified_gmt":"2025-01-25T19:21:42","slug":"gobierno-sigue-gestionando-esquemas-de-pagos-flexibles-con-imss-para-apoyar-a-empresarios","status":"publish","type":"post","link":"https:\/\/www.puntociegoeditorial.com\/web\/2025\/01\/25\/gobierno-sigue-gestionando-esquemas-de-pagos-flexibles-con-imss-para-apoyar-a-empresarios\/","title":{"rendered":"Gobierno sigue gestionando esquemas de pagos flexibles con IMSS para apoyar a empresarios"},"content":{"rendered":"\n<p><em>El gobernador Rub\u00e9n Rocha Moya, en di\u00e1logo continuo con el director del IMSS, Zo\u00e9 Robledo, est\u00e1 gestionando la implementaci\u00f3n de un esquema de pagos flexibles, un \u2018traje a la medida\u2019 que se adapte a las necesidades espec\u00edficas de los empresarios de la zona centro del estado.<\/em><\/p>\n\n\n\n<p>Culiac\u00e1n, Sinaloa, 24 de enero de 2025.- En seguimiento al compromiso del gobernador Rub\u00e9n Rocha Moya de gestionar esquemas de pago flexibles ante el Instituto Mexicano del Seguro Social (IMSS) para apoyar a los empresarios con las cuotas obrero-patronales, el secretario de Econom\u00eda, Ricardo Velarde C\u00e1rdenas, sostuvo una reuni\u00f3n de trabajo h\u00edbrida con representantes del IMSS y l\u00edderes empresariales de la capital del estado. Durante el encuentro, destac\u00f3 la participaci\u00f3n de la directora de Incorporaci\u00f3n y Recaudaci\u00f3n del IMSS, Luisa Alejandra Obrador Garrido Cuesta, quien asisti\u00f3 como representante del IMSS federal, reforzando el respaldo institucional para atender las necesidades de Sinaloa.<\/p>\n\n\n\n<p>Durante el encuentro, se inform\u00f3 que el IMSS ofrece un convenio que incluye la quita del 90% en multas de cuotas obrero-patronales y hasta 48 meses de pr\u00f3rroga de pago, conforme a la ley vigente. Hasta la fecha, 190 patrones en Sinaloa han aprovechado este beneficio.<\/p>\n\n\n\n<p>El secretario de Econom\u00eda se comprometi\u00f3 a llevar una solicitud formal a las oficinas centrales del IMSS en la Ciudad de M\u00e9xico para que se implemente un esquema especial en apoyo a Sinaloa.<\/p>\n\n\n\n<p>Por su parte, los representantes empresariales coincidieron en la necesidad de trabajar en conjunto con el Poder Legislativo para establecer en la ley excepciones espec\u00edficas que permitan crear un esquema adaptado a las necesidades del estado. \u00abSinaloa necesita un traje a la medida, y urge concretarlo\u00bb, enfatizaron.<\/p>\n\n\n\n<p>Como resultado de este acercamiento entre autoridades estatales, empresarios y el IMSS, se decidi\u00f3 instalar un m\u00f3dulo de atenci\u00f3n en el Palacio de Gobierno, que brindar\u00e1 asesor\u00eda a empresarios y afiliados a c\u00e1maras empresariales.<\/p>\n\n\n\n<p>La directora de Incorporaci\u00f3n y Recaudaci\u00f3n del IMSS, Luisa Alejandra Obrador Garrido Cuesta, destac\u00f3 que el gobernador Rub\u00e9n Rocha Moya y el director del IMSS, Zo\u00e9 Robledo, han mantenido un di\u00e1logo constante sobre este tema, lo que ha permitido avanzar en las gestiones. \u201cDesde septiembre hemos sostenido reuniones con c\u00e1maras empresariales y participado en videoconferencias con diversos actores del sector para atender esta problem\u00e1tica\u201d, subray\u00f3.<\/p>\n\n\n\n<p>La reuni\u00f3n se enmarca en los esfuerzos por establecer esquemas de pago flexibles que fortalezcan a las empresas locales y, con ello, impulsen la econom\u00eda de Sinaloa.<\/p>\n\n\n\n<p>En el encuentro participaron, por parte del IMSS, la delegada en Sinaloa, Tania Clarissa Medina; la subdelegada del IMSS en Sinaloa, Aideet Betanzo; la titular de la Jefatura de Afiliaci\u00f3n y Cobranza, Lorena Haro Castro; el jefe de la Unidad de Fiscalizaci\u00f3n y Cobranza, Alejandro S\u00e1nchez; el jefe del Departamento de Supervisi\u00f3n y Cobranza, \u00c1lvaro Daniel Acosta Lomel\u00ed; y Mirna Ramos Monroy, titular de la Jefatura de Servicios Jur\u00eddicos.<\/p>\n\n\n\n<p>Por parte del sector empresarial y gubernamental estuvieron presentes la presidenta de Coparmex, Martha Reyes; la presidenta de Canaco Culiac\u00e1n, Guadalupe Zavala Yamaguchi; la presidenta de Canirac en Culiac\u00e1n, Laura Guzm\u00e1n; el presidente Ejecutivo de Codesin, H\u00e9ctor Ley Pineda; el presidente de Codesin Zona Centro, Hugo Moreno; y el subsecretario de Gesti\u00f3n de Fondos y Financiamiento, Jos\u00e9 \u00c1ngel L\u00f3pez Fierro.<\/p>\n","protected":false},"excerpt":{"rendered":"<p>El gobernador Rub\u00e9n Rocha Moya, en di\u00e1logo continuo con el director del IMSS, Zo\u00e9 Robledo, est\u00e1 gestionando la implementaci\u00f3n de un esquema de pagos flexibles, un \u2018traje a la medida\u2019 que se adapte a las necesidades espec\u00edficas de los empresarios de la zona centro del estado. Culiac\u00e1n, Sinaloa, 24 de enero de 2025.- En seguimiento [&hellip;]<\/p>\n","protected":false},"author":2,"featured_media":50815,"comment_status":"closed","ping_status":"open","sticky":false,"template":"","format":"standard","meta":{"_mi_skip_tracking":false,"footnotes":""},"categories":[13],"tags":[],"class_list":["post-50814","post","type-post","status-publish","format-standard","has-post-thumbnail","hentry","category-sinaloa"],"_links":{"self":[{"href":"https:\/\/www.puntociegoeditorial.com\/web\/wp-json\/wp\/v2\/posts\/50814","targetHints":{"allow":["GET"]}}],"collection":[{"href":"https:\/\/www.puntociegoeditorial.com\/web\/wp-json\/wp\/v2\/posts"}],"about":[{"href":"https:\/\/www.puntociegoeditorial.com\/web\/wp-json\/wp\/v2\/types\/post"}],"author":[{"embeddable":true,"href":"https:\/\/www.puntociegoeditorial.com\/web\/wp-json\/wp\/v2\/users\/2"}],"replies":[{"embeddable":true,"href":"https:\/\/www.puntociegoeditorial.com\/web\/wp-json\/wp\/v2\/comments?post=50814"}],"version-history":[{"count":1,"href":"https:\/\/www.puntociegoeditorial.com\/web\/wp-json\/wp\/v2\/posts\/50814\/revisions"}],"predecessor-version":[{"id":50816,"href":"https:\/\/www.puntociegoeditorial.com\/web\/wp-json\/wp\/v2\/posts\/50814\/revisions\/50816"}],"wp:featuredmedia":[{"embeddable":true,"href":"https:\/\/www.puntociegoeditorial.com\/web\/wp-json\/wp\/v2\/media\/50815"}],"wp:attachment":[{"href":"https:\/\/www.puntociegoeditorial.com\/web\/wp-json\/wp\/v2\/media?parent=50814"}],"wp:term":[{"taxonomy":"category","embeddable":true,"href":"https:\/\/www.puntociegoeditorial.com\/web\/wp-json\/wp\/v2\/categories?post=50814"},{"taxonomy":"post_tag","embeddable":true,"href":"https:\/\/www.puntociegoeditorial.com\/web\/wp-json\/wp\/v2\/tags?post=50814"}],"curies":[{"name":"wp","href":"https:\/\/api.w.org\/{rel}","templated":true}]}}