{"id":50839,"date":"2025-01-26T08:54:11","date_gmt":"2025-01-26T15:54:11","guid":{"rendered":"https:\/\/www.puntociegoeditorial.com\/web\/?p=50839"},"modified":"2025-01-29T22:58:17","modified_gmt":"2025-01-30T05:58:17","slug":"presente-julio-cesar-cascajares-ramirez-en-la-edicion-34-del-maraton-internacional-de-culiacan-que-fue-todo-un-exito-2","status":"publish","type":"post","link":"https:\/\/www.puntociegoeditorial.com\/web\/2025\/01\/26\/presente-julio-cesar-cascajares-ramirez-en-la-edicion-34-del-maraton-internacional-de-culiacan-que-fue-todo-un-exito-2\/","title":{"rendered":"PRESENTE JULIO CESAR CASCAJARES RAM\u00cdREZ EN LA EDICI\u00d3N 34 DEL MARAT\u00d3N INTERNACIONAL DE CULIAC\u00c1N QUE FUE TODO UN \u00c9XITO."},"content":{"rendered":"\n<p>Culiac\u00e1n, Sin.- El director general del Instituto Sinaloense de Cultura F\u00edsica y El Deporte Julio C\u00e9sar Cascajares Ram\u00edrez, acompa\u00f1\u00f3 al gobernador del estado Dr. Rub\u00e9n Rocha Moya en el banderazo de salida del Marat\u00f3n Internacional de Culiac\u00e1n 2025 que fue todo un \u00e9xito este domingo en la capital sinaloense.<\/p>\n\n\n\n<p>En punto de las 7:00 de la ma\u00f1ana, el Dr. Rocha Moya, adem\u00e1s de Cascajares Ram\u00edrez, fue acompa\u00f1ado en la inauguraci\u00f3n de la edici\u00f3n 34 de este marat\u00f3n por el presidente municipal de Culiac\u00e1n, Arq. Juan de Dios G\u00e1mez Mend\u00edvil, Miguel Corral presidente del Patronato del Marat\u00f3n Internacional de Culiac\u00e1n, la presidenta del sistema DIF municipal Irma Nidya Gasca Aldana y el director de deportes de la Universidad Aut\u00f3noma de Sinaloa Gilberto Berrelleza entre otros importantes invitados que atestiguaron como los 3,000 inscritos sal\u00edan con toda la ilusi\u00f3n de completar sus diferentes rutas.<\/p>\n\n\n\n<p>Por su parte, el director general del ISDE Julio C\u00e9sar Cascajares Ram\u00edrez despu\u00e9s de acompa\u00f1ar al gobernador en el acto protocolario, se dio tiempo para junto a su hijo, participar y hacer el recorrido en los 10 kil\u00f3metros y as\u00ed formar parte como competidor en este hermoso evento que recorri\u00f3 como siempre las principales calles de la ciudad<\/p>\n\n\n\n<p>Por su parte el Instituto Sinaloense de Cultura F\u00edsica y El Deporte particip\u00f3 con los departamentos de medicina del deporte encabezados por el Dr. Cristian Delgado dando un sin n\u00famero de atenciones en recuperaci\u00f3n a quienes al llegar a la meta solicitaron atenci\u00f3n. Tambi\u00e9n fue importante la participaci\u00f3n de la direcci\u00f3n de Desarrollo del Deporte del ISDE que encabeza Jes\u00fas Vel\u00e1zquez, quienes colaboraron en temas de log\u00edstica, vallas, animaci\u00f3n y diversos en este exitoso evento.<\/p>\n\n\n\n<p>19-01-2025.<\/p>\n","protected":false},"excerpt":{"rendered":"<p>Culiac\u00e1n, Sin.- El director general del Instituto Sinaloense de Cultura F\u00edsica y El Deporte Julio C\u00e9sar Cascajares Ram\u00edrez, acompa\u00f1\u00f3 al gobernador del estado Dr. Rub\u00e9n Rocha Moya en el banderazo de salida del Marat\u00f3n Internacional de Culiac\u00e1n 2025 que fue todo un \u00e9xito este domingo en la capital sinaloense. En punto de las 7:00 de [&hellip;]<\/p>\n","protected":false},"author":2,"featured_media":50840,"comment_status":"closed","ping_status":"open","sticky":false,"template":"","format":"standard","meta":{"_mi_skip_tracking":false,"footnotes":""},"categories":[16],"tags":[],"class_list":["post-50839","post","type-post","status-publish","format-standard","has-post-thumbnail","hentry","category-accion"],"_links":{"self":[{"href":"https:\/\/www.puntociegoeditorial.com\/web\/wp-json\/wp\/v2\/posts\/50839","targetHints":{"allow":["GET"]}}],"collection":[{"href":"https:\/\/www.puntociegoeditorial.com\/web\/wp-json\/wp\/v2\/posts"}],"about":[{"href":"https:\/\/www.puntociegoeditorial.com\/web\/wp-json\/wp\/v2\/types\/post"}],"author":[{"embeddable":true,"href":"https:\/\/www.puntociegoeditorial.com\/web\/wp-json\/wp\/v2\/users\/2"}],"replies":[{"embeddable":true,"href":"https:\/\/www.puntociegoeditorial.com\/web\/wp-json\/wp\/v2\/comments?post=50839"}],"version-history":[{"count":1,"href":"https:\/\/www.puntociegoeditorial.com\/web\/wp-json\/wp\/v2\/posts\/50839\/revisions"}],"predecessor-version":[{"id":50841,"href":"https:\/\/www.puntociegoeditorial.com\/web\/wp-json\/wp\/v2\/posts\/50839\/revisions\/50841"}],"wp:featuredmedia":[{"embeddable":true,"href":"https:\/\/www.puntociegoeditorial.com\/web\/wp-json\/wp\/v2\/media\/50840"}],"wp:attachment":[{"href":"https:\/\/www.puntociegoeditorial.com\/web\/wp-json\/wp\/v2\/media?parent=50839"}],"wp:term":[{"taxonomy":"category","embeddable":true,"href":"https:\/\/www.puntociegoeditorial.com\/web\/wp-json\/wp\/v2\/categories?post=50839"},{"taxonomy":"post_tag","embeddable":true,"href":"https:\/\/www.puntociegoeditorial.com\/web\/wp-json\/wp\/v2\/tags?post=50839"}],"curies":[{"name":"wp","href":"https:\/\/api.w.org\/{rel}","templated":true}]}}