{"id":50848,"date":"2025-01-26T08:56:22","date_gmt":"2025-01-26T15:56:22","guid":{"rendered":"https:\/\/www.puntociegoeditorial.com\/web\/?p=50848"},"modified":"2025-01-29T22:58:31","modified_gmt":"2025-01-30T05:58:31","slug":"juan-de-dios-gamez-entrega-apoyos-economicos-emergentes-a-comerciantes-con-discapacidad","status":"publish","type":"post","link":"https:\/\/www.puntociegoeditorial.com\/web\/2025\/01\/26\/juan-de-dios-gamez-entrega-apoyos-economicos-emergentes-a-comerciantes-con-discapacidad\/","title":{"rendered":"Juan de Dios G\u00e1mez entrega Apoyos Econ\u00f3micos Emergentes a comerciantes con discapacidad"},"content":{"rendered":"\n<p><em>Culiac\u00e1n, Sin., a 25 de enero de 2025.-<\/em> Como parte de las estrategias para la reactivaci\u00f3n econ\u00f3mica, el alcalde Juan de Dios G\u00e1mez Mend\u00edvil sigue con la entrega de cheques correspondientes al programa de Apoyos Econ\u00f3micos Emergentes, en esta ma\u00f1ana fue para comerciantes con discapacidad.<\/p>\n\n\n\n<p>El evento, realizado en un ambiente de esperanza y agradecimiento, benefici\u00f3 a los ciudadanos que recibieron de manos del alcalde los cheques por 5000 pesos, que buscan mitigar los efectos de la situaci\u00f3n econ\u00f3mica vulnerable que atraviesa la capital sinaloense.<\/p>\n\n\n\n<p>Gracias al apoyo del gobernador Rub\u00e9n Rocha Moya, este programa ha alcanzado un total de 4,800 personas beneficiadas de forma directa, consolid\u00e1ndose como una iniciativa clave para reactivar la econ\u00f3mica y aliviar los estragos econ\u00f3micos en los sectores m\u00e1s desprotegidos.<\/p>\n\n\n\n<p>Durante la entrega, el alcalde destac\u00f3 la importancia de brindar respaldo a quienes enfrentan mayores retos, enfatizando que el objetivo principal es mejorar las condiciones de bienestar de la poblaci\u00f3n m\u00e1s vulnerable.<\/p>\n\n\n\n<p>\u00abHoy reafirmamos nuestro compromiso con todos ustedes, trabajando para que las necesidades m\u00e1s urgentes sean atendidas de manera prioritaria\u00bb, expres\u00f3 G\u00e1mez Mend\u00edvil.<\/p>\n\n\n\n<p>Asimismo, los beneficiarios manifestaron personalmente al mun\u00edcipe su alivio y gratitud, compartiendo que este apoyo representa un paso significativo hacia una mejor calidad de vida.<\/p>\n","protected":false},"excerpt":{"rendered":"<p>Culiac\u00e1n, Sin., a 25 de enero de 2025.- Como parte de las estrategias para la reactivaci\u00f3n econ\u00f3mica, el alcalde Juan de Dios G\u00e1mez Mend\u00edvil sigue con la entrega de cheques correspondientes al programa de Apoyos Econ\u00f3micos Emergentes, en esta ma\u00f1ana fue para comerciantes con discapacidad. El evento, realizado en un ambiente de esperanza y agradecimiento, [&hellip;]<\/p>\n","protected":false},"author":2,"featured_media":50849,"comment_status":"closed","ping_status":"open","sticky":false,"template":"","format":"standard","meta":{"_mi_skip_tracking":false,"footnotes":""},"categories":[12],"tags":[],"class_list":["post-50848","post","type-post","status-publish","format-standard","has-post-thumbnail","hentry","category-ciudad"],"_links":{"self":[{"href":"https:\/\/www.puntociegoeditorial.com\/web\/wp-json\/wp\/v2\/posts\/50848","targetHints":{"allow":["GET"]}}],"collection":[{"href":"https:\/\/www.puntociegoeditorial.com\/web\/wp-json\/wp\/v2\/posts"}],"about":[{"href":"https:\/\/www.puntociegoeditorial.com\/web\/wp-json\/wp\/v2\/types\/post"}],"author":[{"embeddable":true,"href":"https:\/\/www.puntociegoeditorial.com\/web\/wp-json\/wp\/v2\/users\/2"}],"replies":[{"embeddable":true,"href":"https:\/\/www.puntociegoeditorial.com\/web\/wp-json\/wp\/v2\/comments?post=50848"}],"version-history":[{"count":1,"href":"https:\/\/www.puntociegoeditorial.com\/web\/wp-json\/wp\/v2\/posts\/50848\/revisions"}],"predecessor-version":[{"id":50850,"href":"https:\/\/www.puntociegoeditorial.com\/web\/wp-json\/wp\/v2\/posts\/50848\/revisions\/50850"}],"wp:featuredmedia":[{"embeddable":true,"href":"https:\/\/www.puntociegoeditorial.com\/web\/wp-json\/wp\/v2\/media\/50849"}],"wp:attachment":[{"href":"https:\/\/www.puntociegoeditorial.com\/web\/wp-json\/wp\/v2\/media?parent=50848"}],"wp:term":[{"taxonomy":"category","embeddable":true,"href":"https:\/\/www.puntociegoeditorial.com\/web\/wp-json\/wp\/v2\/categories?post=50848"},{"taxonomy":"post_tag","embeddable":true,"href":"https:\/\/www.puntociegoeditorial.com\/web\/wp-json\/wp\/v2\/tags?post=50848"}],"curies":[{"name":"wp","href":"https:\/\/api.w.org\/{rel}","templated":true}]}}