{"id":50863,"date":"2025-01-26T15:40:44","date_gmt":"2025-01-26T22:40:44","guid":{"rendered":"https:\/\/www.puntociegoeditorial.com\/web\/?p=50863"},"modified":"2025-01-29T22:58:53","modified_gmt":"2025-01-30T05:58:53","slug":"queremos-paz-claman-miles-de-sinaloenses-en-culiacan","status":"publish","type":"post","link":"https:\/\/www.puntociegoeditorial.com\/web\/2025\/01\/26\/queremos-paz-claman-miles-de-sinaloenses-en-culiacan\/","title":{"rendered":"Queremos Paz! Claman miles de sinaloenses en Culiac\u00e1n"},"content":{"rendered":"\n<p>Marcharon de la Catedral a La Lomita<br>Culiac\u00e1n, Sinaloa, a domingo 25 de enero de 2025.- Las calles de Culiac\u00e1n se vistieron de blanco, por segunda vez, en menos de cuatro d\u00edas, al salir nuevamente cerca de 20 mil familias a exigir Paz, a vivir sin miedo y que los ni\u00f1os puedan salir a las calles sin el temor a perder la vida por una bala p\u00e9rdida, luego del suceso que cimbr\u00f3 a Sinaloa, y a M\u00e9xico por el homicidio de dos menores de edad, el fin de semana pasado.<br>Las miles de familias realizaron cartulinas para exigir al gobernador federal, estatal y municipal un alto a la ola de violencia, que a diario cobra vidas por los homicidios, y desapariciones forzadas.<br>A la marcha se sumaron cientos de familias de desaparecidos, quienes reclamaron mayor fuerza de las autoridades para frenar la ola violenta.<br>Al grito de Queremos Paz, queremos Paz, las familias marcharon sobre la avenida \u00c1lvaro Obreg\u00f3n a la Lomita y de regreso a Catedral con una escala en el edificio del Ayuntamiento de Culiac\u00e1n para tapizarlo de denuncias y exigencias.<br>En la marcha participaron ni\u00f1os, ni\u00f1as, mascotas, adultos mayores y padres de familia, quienes enfatizaron estar hartos de la violencia, que no deja vivir bien la vida.<\/p>\n","protected":false},"excerpt":{"rendered":"<p>Marcharon de la Catedral a La LomitaCuliac\u00e1n, Sinaloa, a domingo 25 de enero de 2025.- Las calles de Culiac\u00e1n se vistieron de blanco, por segunda vez, en menos de cuatro d\u00edas, al salir nuevamente cerca de 20 mil familias a exigir Paz, a vivir sin miedo y que los ni\u00f1os puedan salir a las calles [&hellip;]<\/p>\n","protected":false},"author":2,"featured_media":50864,"comment_status":"closed","ping_status":"open","sticky":false,"template":"","format":"standard","meta":{"_mi_skip_tracking":false,"footnotes":""},"categories":[12],"tags":[],"class_list":["post-50863","post","type-post","status-publish","format-standard","has-post-thumbnail","hentry","category-ciudad"],"_links":{"self":[{"href":"https:\/\/www.puntociegoeditorial.com\/web\/wp-json\/wp\/v2\/posts\/50863","targetHints":{"allow":["GET"]}}],"collection":[{"href":"https:\/\/www.puntociegoeditorial.com\/web\/wp-json\/wp\/v2\/posts"}],"about":[{"href":"https:\/\/www.puntociegoeditorial.com\/web\/wp-json\/wp\/v2\/types\/post"}],"author":[{"embeddable":true,"href":"https:\/\/www.puntociegoeditorial.com\/web\/wp-json\/wp\/v2\/users\/2"}],"replies":[{"embeddable":true,"href":"https:\/\/www.puntociegoeditorial.com\/web\/wp-json\/wp\/v2\/comments?post=50863"}],"version-history":[{"count":1,"href":"https:\/\/www.puntociegoeditorial.com\/web\/wp-json\/wp\/v2\/posts\/50863\/revisions"}],"predecessor-version":[{"id":50865,"href":"https:\/\/www.puntociegoeditorial.com\/web\/wp-json\/wp\/v2\/posts\/50863\/revisions\/50865"}],"wp:featuredmedia":[{"embeddable":true,"href":"https:\/\/www.puntociegoeditorial.com\/web\/wp-json\/wp\/v2\/media\/50864"}],"wp:attachment":[{"href":"https:\/\/www.puntociegoeditorial.com\/web\/wp-json\/wp\/v2\/media?parent=50863"}],"wp:term":[{"taxonomy":"category","embeddable":true,"href":"https:\/\/www.puntociegoeditorial.com\/web\/wp-json\/wp\/v2\/categories?post=50863"},{"taxonomy":"post_tag","embeddable":true,"href":"https:\/\/www.puntociegoeditorial.com\/web\/wp-json\/wp\/v2\/tags?post=50863"}],"curies":[{"name":"wp","href":"https:\/\/api.w.org\/{rel}","templated":true}]}}