{"id":50896,"date":"2025-01-27T16:54:12","date_gmt":"2025-01-27T23:54:12","guid":{"rendered":"https:\/\/www.puntociegoeditorial.com\/web\/?p=50896"},"modified":"2025-01-29T23:00:04","modified_gmt":"2025-01-30T06:00:04","slug":"ante-violencia-solidaridad-con-las-familias-invitamos-a-trabajar-conjuntamente-por-la-paz-diputadas-y-diputados","status":"publish","type":"post","link":"https:\/\/www.puntociegoeditorial.com\/web\/2025\/01\/27\/ante-violencia-solidaridad-con-las-familias-invitamos-a-trabajar-conjuntamente-por-la-paz-diputadas-y-diputados\/","title":{"rendered":"Ante violencia, solidaridad con las familias; invitamos a trabajar conjuntamente por la paz: diputadas y diputados"},"content":{"rendered":"\n<p><em>Comparece el Secretario General de Gobierno, Feliciano Castro Mel\u00e9ndrez<\/em><\/p>\n\n\n\n<p>Culiac\u00e1n, Sinaloa. A 27 de enero de 2025. Distintas fuerzas pol\u00edticas del Congreso del Estado se solidarizaron con las familias sinaloenses y reconocieron la indignaci\u00f3n que han mostrado ante hechos violentos, y se pronunciaron por trabajar de manera conjunta para recuperar la paz.<\/p>\n\n\n\n<p>Su postura la fijaron durante la comparecencia del Secretario General de Gobierno, Feliciano Castro Mel\u00e9ndrez, quien afirm\u00f3 que, aunque todav\u00eda no se logra superar la violencia que se enfrenta, s\u00ed hay una ligera reducci\u00f3n en homicidios dolosos y confi\u00f3 en que se mantenga una tendencia en este sentido y que se pueda lograr que Sinaloa tenga paz.<\/p>\n\n\n\n<p>La comparecencia que fue presidida por las diputadas Mar\u00eda Teresa Guerra Ochoa y Yeraldine Bonilla Valverde, presidentas de la Junta de Coordinaci\u00f3n Pol\u00edtica y de la Mesa Directiva del Congreso, y moderada por la presidenta de la Comisi\u00f3n de Puntos Constitucionales y Gobernaci\u00f3n, Juana Minerva V\u00e1zquez Gonz\u00e1lez.<\/p>\n\n\n\n<p>A nombre del grupo parlamentario de Morena, la diputada V\u00e1zquez Gonz\u00e1lez asegur\u00f3 que su partido respalda al gobierno de Rub\u00e9n Rocha Moya por ser democr\u00e1tico y promotor de la paz.<\/p>\n\n\n\n<p>Dijo que Sinaloa enfrenta retos hist\u00f3ricos que no pueden ser ignorados ni minimizados, pero sostuvo que tambi\u00e9n es cierto que es un problema que a trav\u00e9s de muchos a\u00f1os ha venido creciendo, que trasciende fronteras, y que de ser un estigma pas\u00f3 a ser un emblema, culturalmente hablando, porque la narco-cultura que antes avergonzaba se convirti\u00f3 en orgullo para algunos.<\/p>\n\n\n\n<p>En alusi\u00f3n a marchas que se han realizado para exigir paz, reconoci\u00f3 que es un derecho de todos los habitantes de Sinaloa, con lo que muestran su indignaci\u00f3n por los hechos violentos registrados.<\/p>\n\n\n\n<p>Sin embargo, aclar\u00f3, la violencia no es generada por el gobierno, que sigue luchando contra quienes la generan.<\/p>\n\n\n\n<p>El diputado Antonio Men\u00e9ndez de Llano Berm\u00fadez, fij\u00f3 posicionamiento del Partido Verde Ecologista de M\u00e9xico, y se pronunci\u00f3 por no politizar el dolor de las personas.<\/p>\n\n\n\n<p>El PVEM, dijo, brinda su respaldo y colaboraci\u00f3n al poder Ejecutivo para coadyuvar y sumarnos en las acciones que sean para el bienestar de las y los sinaloenses y en la constante b\u00fasqueda de la paz que estamos pidiendo.<\/p>\n\n\n\n<p>Por el grupo parlamentario del PAN fij\u00f3 posicionamiento el diputado Jorge Antonio Gonz\u00e1lez Flores, quien refrend\u00f3 el compromiso de esta fuerza pol\u00edtica por Sinaloa, y resalt\u00f3 que una de las facultades de la Secretar\u00eda General de Gobierno es tender puentes con los poderes Legislativo y Judicial, los \u00f3rganos constitucionales aut\u00f3nomos y sectores de la sociedad.<\/p>\n\n\n\n<p>Aludi\u00f3 tambi\u00e9n a las marchas realizadas para exigir paz, y pregunt\u00f3 si se atiende esa demanda y si est\u00e1 vigente la gobernabilidad en Sinaloa.<\/p>\n\n\n\n<p>El diputado V\u00edctor Antonio Corrales Burgue\u00f1o, fij\u00f3 posicionamiento a nombre de su grupo parlamentario, el PAS, quien consider\u00f3 que la principal exigencia de la sociedad es la paz, lo que debe convocar a trabajar juntos a todos los sectores y todas las fuerzas sociales y entes gubernamentales.<\/p>\n\n\n\n<p>Por el grupo parlamentario del PRI fij\u00f3 posicionamiento el diputado Bernardino Antelo Esper, quien coincidi\u00f3 que la principal demanda de la poblaci\u00f3n de Sinaloa es la seguridad p\u00fablica, pues se vive una coyuntura compleja que requiere de esfuerzos para que las pol\u00edticas p\u00fablicas se puedan cristalizar y beneficiar a los sectores m\u00e1s vulnerables.<\/p>\n\n\n\n<p>\u201cEntendemos que se promueve el di\u00e1logo, pero pedimos que nos ayude a garantizar lo m\u00ednimo, que es la vida y el patrimonio\u201d, le expres\u00f3 al Secretario General de Gobierno, a quien le puntualiz\u00f3 que \u201cel PRI tiene apertura para garantizar siempre lo mejor para Sinaloa\u201d.<\/p>\n\n\n\n<p>Feliciano Castro asegur\u00f3 que la administraci\u00f3n estatal que encabeza Rub\u00e9n Rocha Moya se distingue por tener una visi\u00f3n humanista y que desde el primer d\u00eda muestra una trasformaci\u00f3n de la vida p\u00fablica.<\/p>\n\n\n\n<p>De acciones que competen a su Secretar\u00eda expuso que se han consolidado los centros de resguardo temporal para identificar a personas que han perdido la vida y que se encuentran en el Servicio M\u00e9dico Forense o han sido inhumadas, a efecto de que sus familiares recuperen sus cuerpos.<\/p>\n\n\n\n<p>Resalt\u00f3 tambi\u00e9n el acompa\u00f1amiento y apoyo jur\u00eddico y social a v\u00edctimas del delito, en tanto que en materia de protecci\u00f3n civil se fomenta una cultura de protecci\u00f3n y se fortalece la prevenci\u00f3n de riesgos.<\/p>\n\n\n\n<p>En materia de seguridad p\u00fablica, expuso recientemente se cre\u00f3 la Vocer\u00eda Oficial del Estado como respuesta al reclamo social de tener una comunicaci\u00f3n m\u00e1s pronta, ante los hechos violentos que se agudizaron en septiembre pasado.<\/p>\n\n\n\n<p>Reconoci\u00f3 que este repunte no ha sido superado, pero asegur\u00f3 que las estad\u00edsticas muestran una estabilizaci\u00f3n del delito de homicidios, e incluso con una ligera tendencia a la baja.<\/p>\n\n\n\n<p>Cuestionado sobre las marchas que se han registrado para exigir paz, y que incluso en una de ellas se quebraron cristales y otros objetos, Feliciano Castro aclar\u00f3 que se reconoce el derecho a la libertad de expresi\u00f3n y de manifestaci\u00f3n, adem\u00e1s de que no hay ni habr\u00e1 investigaci\u00f3n alguna por los da\u00f1os generados en Palacio de Gobierno.<\/p>\n\n\n\n<p>Adem\u00e1s, afirm\u00f3, la fuerza p\u00fablica nunca ser\u00e1 utilizada para reprimir los reclamos de la sociedad.<\/p>\n\n\n\n<p>Por el contrario, dijo, se requiere que la sociedad participe con empat\u00eda y solidaridad, ya que la construcci\u00f3n de la paz ata\u00f1e a todas y todos los sinaloenses.<\/p>\n\n\n\n<p>\u201cCon la Constituci\u00f3n (Pol\u00edtica) al mando debemos enfrentar la coyuntura de la violencia que nos impacta. Por amor al pueblo promovemos al humanismo, y no nos cansemos de promover la interacci\u00f3n a partir del di\u00e1logo con la gente\u201d, dijo.<\/p>\n","protected":false},"excerpt":{"rendered":"<p>Comparece el Secretario General de Gobierno, Feliciano Castro Mel\u00e9ndrez Culiac\u00e1n, Sinaloa. A 27 de enero de 2025. Distintas fuerzas pol\u00edticas del Congreso del Estado se solidarizaron con las familias sinaloenses y reconocieron la indignaci\u00f3n que han mostrado ante hechos violentos, y se pronunciaron por trabajar de manera conjunta para recuperar la paz. Su postura la [&hellip;]<\/p>\n","protected":false},"author":2,"featured_media":50897,"comment_status":"closed","ping_status":"open","sticky":false,"template":"","format":"standard","meta":{"_mi_skip_tracking":false,"footnotes":""},"categories":[13],"tags":[],"class_list":["post-50896","post","type-post","status-publish","format-standard","has-post-thumbnail","hentry","category-sinaloa"],"_links":{"self":[{"href":"https:\/\/www.puntociegoeditorial.com\/web\/wp-json\/wp\/v2\/posts\/50896","targetHints":{"allow":["GET"]}}],"collection":[{"href":"https:\/\/www.puntociegoeditorial.com\/web\/wp-json\/wp\/v2\/posts"}],"about":[{"href":"https:\/\/www.puntociegoeditorial.com\/web\/wp-json\/wp\/v2\/types\/post"}],"author":[{"embeddable":true,"href":"https:\/\/www.puntociegoeditorial.com\/web\/wp-json\/wp\/v2\/users\/2"}],"replies":[{"embeddable":true,"href":"https:\/\/www.puntociegoeditorial.com\/web\/wp-json\/wp\/v2\/comments?post=50896"}],"version-history":[{"count":1,"href":"https:\/\/www.puntociegoeditorial.com\/web\/wp-json\/wp\/v2\/posts\/50896\/revisions"}],"predecessor-version":[{"id":50898,"href":"https:\/\/www.puntociegoeditorial.com\/web\/wp-json\/wp\/v2\/posts\/50896\/revisions\/50898"}],"wp:featuredmedia":[{"embeddable":true,"href":"https:\/\/www.puntociegoeditorial.com\/web\/wp-json\/wp\/v2\/media\/50897"}],"wp:attachment":[{"href":"https:\/\/www.puntociegoeditorial.com\/web\/wp-json\/wp\/v2\/media?parent=50896"}],"wp:term":[{"taxonomy":"category","embeddable":true,"href":"https:\/\/www.puntociegoeditorial.com\/web\/wp-json\/wp\/v2\/categories?post=50896"},{"taxonomy":"post_tag","embeddable":true,"href":"https:\/\/www.puntociegoeditorial.com\/web\/wp-json\/wp\/v2\/tags?post=50896"}],"curies":[{"name":"wp","href":"https:\/\/api.w.org\/{rel}","templated":true}]}}