{"id":50902,"date":"2025-01-27T16:56:55","date_gmt":"2025-01-27T23:56:55","guid":{"rendered":"https:\/\/www.puntociegoeditorial.com\/web\/?p=50902"},"modified":"2025-01-29T23:00:11","modified_gmt":"2025-01-30T06:00:11","slug":"reactivan-la-ruta-villa-universidad-y-avanzan-en-el-plan-de-reordenamiento-del-sistema-local-de-transporte-urbano-de-pasajeros","status":"publish","type":"post","link":"https:\/\/www.puntociegoeditorial.com\/web\/2025\/01\/27\/reactivan-la-ruta-villa-universidad-y-avanzan-en-el-plan-de-reordenamiento-del-sistema-local-de-transporte-urbano-de-pasajeros\/","title":{"rendered":"REACTIVAN LA RUTA VILLA UNIVERSIDAD Y AVANZAN EN EL PLAN DE REORDENAMIENTO DEL SISTEMA LOCAL DE TRANSPORTE URBANO DE PASAJEROS"},"content":{"rendered":"\n<p>Por instrucciones del Gobernador Rub\u00e9n Rocha Moya y del Secretario General de Gobierno, Feliciano Castro Castro Mel\u00e9ndez, Marco Antonio Osuna Moreno dio el banderazo de reactivaci\u00f3n a la ruta de transporte urbano Villa Universidad, afectada hace 4 a\u00f1os por la pandemia de Covid, y anticip\u00f3 que este a\u00f1o \u2013en breve- podr\u00edan reanudar su operaci\u00f3n tambi\u00e9n las rutas Ca\u00f1adas &#8211; Quintas y Lomita &#8211; Ca\u00f1adas (en circuito), la ruta Las Huertas, \u00e9sta con modificaciones que la har\u00e1n m\u00e1s eficiente, y la ruta Libertad.<\/p>\n\n\n\n<p>Osuna Moreno, director de Vialidad y Transportes, puso \u00e9nfasis en el esfuerzo que realiza el gobierno de Sinaloa por mejorar las condiciones de seguridad en la prestaci\u00f3n de este servicio p\u00fablico. Como avance, refiri\u00f3 que en Culiac\u00e1n el 80% de los autobuses urbanos en circulaci\u00f3n cuentan con video c\u00e1maras y bot\u00f3n de p\u00e1nico conectado al C-4, y gracias a ello durante los meses de noviembre y diciembre del a\u00f1o anterior y el mes de enero del presente no se ha registrado ning\u00fan asalto u otro incidente violento a bordo de veh\u00edculos de servicio p\u00fablico en la ciudad de Culiac\u00e1n, por lo que conmin\u00f3 a la poblaci\u00f3n a que usen el transporte p\u00fablico con confianza.<\/p>\n\n\n\n<p>Explic\u00f3 que sus superiores le ordenaron desde su toma del cargo en Vialidad y Transportes que atienda las necesidades de la sociedad, particularmente de los estudiantes, y ejecute un plan de reingenier\u00eda que permita dar cobertura a una mancha urbana en crecimiento permanente y llegar a los principales puntos de la ciudad, como son las unidades de gobierno, las universidades, hospitales y otros destinos importantes.<\/p>\n\n\n\n<p>Tales trabajos son necesarios en virtud de que durante las \u00faltimas cuatro d\u00e9cadas las rutas del transporte de Culiac\u00e1n permanecen con su trayecto original, dijo.<\/p>\n\n\n\n<p>Respecto de la ruta Villa Universidad, mencion\u00f3 que iniciar\u00e1 su primer corrida a las 5:50 de la ma\u00f1ana, con una frecuencia de paso de 12 minutos y 8 autobuses, de inicio, aunque la flotilla se compondr\u00e1 de hasta 14 camiones antes de que inicie el verano y podr\u00eda garantizar una frecuencia de paso de 6 minutos. Desde el centro hist\u00f3rico hacia sus dos terminales, la \u00faltima corrida ser\u00e1 a las 19 horas.<\/p>\n\n\n\n<p>Los trabajos de reingenier\u00eda y de reordenamiento del sistema de transporte en general, explic\u00f3, tienen como prop\u00f3sito garantizar a los ciudadanos de Culiac\u00e1n el derecho a la movilidad urbana sustentable, y con ello acceso a otros benefactores b\u00e1sicos, como son educaci\u00f3n, salud y trabajo.<\/p>\n\n\n\n<p>Adelant\u00f3 que ma\u00f1ana martes signar\u00e1 un convenio de colaboraci\u00f3n con a fin de intensificar la celebraci\u00f3n de cursos de capacitaci\u00f3n que deber\u00e1n llegaren un corto plazo a 10 mil conductores de transporte p\u00fablico en sus diferentes modalidades.<\/p>\n\n\n\n<p>Por instrucciones del gobernador del estado, tambi\u00e9n, la dependencia realiza operativos de supervisi\u00f3n en el transporte p\u00fablico de trabajadores del campo en todos los municipios<\/p>\n\n\n\n<p>con los prop\u00f3sitos de impedir que ni\u00f1os y ni\u00f1as sean trasladados en estos veh\u00edculos para su explotaci\u00f3n en los campos agr\u00edcolas, y disminuir la ocurrencia de accidentes o siniestros de carretera.<\/p>\n\n\n\n<p>Mencion\u00f3 adem\u00e1s que Vialidad y Transportes explora la viabilidad de convertir la flotilla del transporte urbano al concepto de electro movilidad, en apoyo al medio ambiente y a la econom\u00eda de los transportistas y de los propios usuarios.<\/p>\n","protected":false},"excerpt":{"rendered":"<p>Por instrucciones del Gobernador Rub\u00e9n Rocha Moya y del Secretario General de Gobierno, Feliciano Castro Castro Mel\u00e9ndez, Marco Antonio Osuna Moreno dio el banderazo de reactivaci\u00f3n a la ruta de transporte urbano Villa Universidad, afectada hace 4 a\u00f1os por la pandemia de Covid, y anticip\u00f3 que este a\u00f1o \u2013en breve- podr\u00edan reanudar su operaci\u00f3n tambi\u00e9n [&hellip;]<\/p>\n","protected":false},"author":2,"featured_media":50903,"comment_status":"closed","ping_status":"open","sticky":false,"template":"","format":"standard","meta":{"_mi_skip_tracking":false,"footnotes":""},"categories":[12],"tags":[],"class_list":["post-50902","post","type-post","status-publish","format-standard","has-post-thumbnail","hentry","category-ciudad"],"_links":{"self":[{"href":"https:\/\/www.puntociegoeditorial.com\/web\/wp-json\/wp\/v2\/posts\/50902","targetHints":{"allow":["GET"]}}],"collection":[{"href":"https:\/\/www.puntociegoeditorial.com\/web\/wp-json\/wp\/v2\/posts"}],"about":[{"href":"https:\/\/www.puntociegoeditorial.com\/web\/wp-json\/wp\/v2\/types\/post"}],"author":[{"embeddable":true,"href":"https:\/\/www.puntociegoeditorial.com\/web\/wp-json\/wp\/v2\/users\/2"}],"replies":[{"embeddable":true,"href":"https:\/\/www.puntociegoeditorial.com\/web\/wp-json\/wp\/v2\/comments?post=50902"}],"version-history":[{"count":1,"href":"https:\/\/www.puntociegoeditorial.com\/web\/wp-json\/wp\/v2\/posts\/50902\/revisions"}],"predecessor-version":[{"id":50904,"href":"https:\/\/www.puntociegoeditorial.com\/web\/wp-json\/wp\/v2\/posts\/50902\/revisions\/50904"}],"wp:featuredmedia":[{"embeddable":true,"href":"https:\/\/www.puntociegoeditorial.com\/web\/wp-json\/wp\/v2\/media\/50903"}],"wp:attachment":[{"href":"https:\/\/www.puntociegoeditorial.com\/web\/wp-json\/wp\/v2\/media?parent=50902"}],"wp:term":[{"taxonomy":"category","embeddable":true,"href":"https:\/\/www.puntociegoeditorial.com\/web\/wp-json\/wp\/v2\/categories?post=50902"},{"taxonomy":"post_tag","embeddable":true,"href":"https:\/\/www.puntociegoeditorial.com\/web\/wp-json\/wp\/v2\/tags?post=50902"}],"curies":[{"name":"wp","href":"https:\/\/api.w.org\/{rel}","templated":true}]}}