{"id":50905,"date":"2025-01-27T16:57:46","date_gmt":"2025-01-27T23:57:46","guid":{"rendered":"https:\/\/www.puntociegoeditorial.com\/web\/?p=50905"},"modified":"2025-01-29T23:00:15","modified_gmt":"2025-01-30T06:00:15","slug":"no-tengo-porque-renunciar-ruben-rocha-moya","status":"publish","type":"post","link":"https:\/\/www.puntociegoeditorial.com\/web\/2025\/01\/27\/no-tengo-porque-renunciar-ruben-rocha-moya\/","title":{"rendered":"No tengo porque renunciar: Rub\u00e9n Rocha Moya"},"content":{"rendered":"\n<p>Luego de que en las marchas gritaron &#8216;Fuera Rocha&#8217;<br>CULIAC\u00c1N, SINALOA, a lunes 27 de enero de 2025.- Con un no tengo porque renunciar, el gobernador Rub\u00e9n Rocha Moya, dej\u00f3 en claro que no hay motivos para renunciar al cargo de Gobernador, solo porque en las dos marchas gritaron &#8216;Fuera Rocha&#8217;, un pu\u00f1ado de 5 o 6 mil personas, quienes seguramente son de los opositores.<br>\u00abNo tengo porque renunciar. No he cometido ninguna falta. La violencia es responsabilidad de los grupos delictivos, no m\u00eda.<br>Estamos trabajando para traer la Paz a Sinaloa, los tres \u00f3rdenes de gobierno, realizando a diario el trabajo.<br>\u00abEl pueblo pone, y el pueblo quita, no quien grita &#8216;Fuera Rocha&#8217;. Y la otra v\u00eda para remover a un gobernador es la revocaci\u00f3n de Mandato, ah\u00ed est\u00e1 ya en la ley. Entonces, no hay raz\u00f3n y no tengo porque renunciar,\u00bb asegur\u00f3.<br>El Jefe del Ejecutivo Estatal, se\u00f1al\u00f3, adem\u00e1s, que no hay ninguna marca convocada para el mi\u00e9rcoles, aunque, tambi\u00e9n tienen derecho a expresarse los &#8216;S\u00ed a Rocha&#8217;.<br>Adem\u00e1s, el Gobernador, mencion\u00f3 que antes deben de informarle a \u00e9l, la realizaci\u00f3n de la marcha convocada en redes sociales para el mi\u00e9rcoles, antes no, pero es posible que pudiera darse la marcha ese d\u00eda.<\/p>\n","protected":false},"excerpt":{"rendered":"<p>Luego de que en las marchas gritaron &#8216;Fuera Rocha&#8217;CULIAC\u00c1N, SINALOA, a lunes 27 de enero de 2025.- Con un no tengo porque renunciar, el gobernador Rub\u00e9n Rocha Moya, dej\u00f3 en claro que no hay motivos para renunciar al cargo de Gobernador, solo porque en las dos marchas gritaron &#8216;Fuera Rocha&#8217;, un pu\u00f1ado de 5 o [&hellip;]<\/p>\n","protected":false},"author":2,"featured_media":50906,"comment_status":"closed","ping_status":"open","sticky":false,"template":"","format":"standard","meta":{"_mi_skip_tracking":false,"footnotes":""},"categories":[13],"tags":[],"class_list":["post-50905","post","type-post","status-publish","format-standard","has-post-thumbnail","hentry","category-sinaloa"],"_links":{"self":[{"href":"https:\/\/www.puntociegoeditorial.com\/web\/wp-json\/wp\/v2\/posts\/50905","targetHints":{"allow":["GET"]}}],"collection":[{"href":"https:\/\/www.puntociegoeditorial.com\/web\/wp-json\/wp\/v2\/posts"}],"about":[{"href":"https:\/\/www.puntociegoeditorial.com\/web\/wp-json\/wp\/v2\/types\/post"}],"author":[{"embeddable":true,"href":"https:\/\/www.puntociegoeditorial.com\/web\/wp-json\/wp\/v2\/users\/2"}],"replies":[{"embeddable":true,"href":"https:\/\/www.puntociegoeditorial.com\/web\/wp-json\/wp\/v2\/comments?post=50905"}],"version-history":[{"count":1,"href":"https:\/\/www.puntociegoeditorial.com\/web\/wp-json\/wp\/v2\/posts\/50905\/revisions"}],"predecessor-version":[{"id":50907,"href":"https:\/\/www.puntociegoeditorial.com\/web\/wp-json\/wp\/v2\/posts\/50905\/revisions\/50907"}],"wp:featuredmedia":[{"embeddable":true,"href":"https:\/\/www.puntociegoeditorial.com\/web\/wp-json\/wp\/v2\/media\/50906"}],"wp:attachment":[{"href":"https:\/\/www.puntociegoeditorial.com\/web\/wp-json\/wp\/v2\/media?parent=50905"}],"wp:term":[{"taxonomy":"category","embeddable":true,"href":"https:\/\/www.puntociegoeditorial.com\/web\/wp-json\/wp\/v2\/categories?post=50905"},{"taxonomy":"post_tag","embeddable":true,"href":"https:\/\/www.puntociegoeditorial.com\/web\/wp-json\/wp\/v2\/tags?post=50905"}],"curies":[{"name":"wp","href":"https:\/\/api.w.org\/{rel}","templated":true}]}}