{"id":50909,"date":"2025-01-27T21:33:31","date_gmt":"2025-01-28T04:33:31","guid":{"rendered":"https:\/\/www.puntociegoeditorial.com\/web\/?p=50909"},"modified":"2025-01-29T23:00:19","modified_gmt":"2025-01-30T06:00:19","slug":"ya-estas-listo-la-feria-del-ostion-elota-2025-te-espera","status":"publish","type":"post","link":"https:\/\/www.puntociegoeditorial.com\/web\/2025\/01\/27\/ya-estas-listo-la-feria-del-ostion-elota-2025-te-espera\/","title":{"rendered":"\u00bfYa est\u00e1s listo?, \u00a1La Feria del Osti\u00f3n Elota 2025, te espera!"},"content":{"rendered":"\n<p><em>Este 1 y 2 de febrero podr\u00e1s disfrutar de deliciosos platillos elaborados a base de osti\u00f3n y de mariscos, adem\u00e1s de eventos culturales, deportivos, concursos y las presentaciones musicales de Los Nietos y la Sonora Dinamita<\/em><\/p>\n\n\n\n<p>La Cruz, Elota, Sinaloa.- Este 1 y 2 de febrero, la Feria del Osti\u00f3n Elota 2025, te espera con una deliciosa variedad de platillos elaborados a base de osti\u00f3n y de mariscos, adem\u00e1s de grandes espect\u00e1culos culturales, deportivos, juegos mec\u00e1nicos, concursos, lucha libre y muchas sorpresas.<\/p>\n\n\n\n<p>El entretenimiento musical estar\u00e1 a cargo de los grupos Los Nietos y la Sonora Dinamita, s\u00e1bado y domingo, respectivamente, a partir de las 04:00 P.M.<\/p>\n\n\n\n<p>Al tratarse de uno de los eventos m\u00e1s representativos de la playa Celestino Gasca, durante la s\u00e9ptima edici\u00f3n de la feria, se espera una afluencia de entre 10 mil y 15 mil turistas locales, de talla nacional e internacional, generando una derrama econ\u00f3mica de 5 a 7 millones de pesos, inform\u00f3 el secretario del Ayuntamiento, H\u00e9ctor Hip\u00f3lito Dorantes Breceda, en rueda de prensa realizada en la ciudad de Mazatl\u00e1n.<br>\u201cA sus 47 a\u00f1os de la fundaci\u00f3n de Celestino Gasca, como comunidad de ah\u00ed del municipio de Elota, la Feria del Osti\u00f3n es el evento m\u00e1s representativo, no solo por la calidad de producto que manejan, que es el osti\u00f3n de piedra, sino por la calidez de su gente\u201d, manifest\u00f3.<\/p>\n\n\n\n<p>La directora de Turismo de Elota, Sarah\u00ed Benitez Morales, indic\u00f3 que, este a\u00f1o, buzos, es el tema principal de esta bonita fiesta que se ha convertido en una de las tradiciones m\u00e1s importantes del municipio, en honor a quienes se dedican a la importante labor de extraer el osti\u00f3n.<\/p>\n\n\n\n<p>La funcionaria municipal recalc\u00f3 que la s\u00e9ptima edici\u00f3n de la Feria del Osti\u00f3n se llevar\u00e1 a cabo en un ambiente totalmente familiar, pues abrir\u00e1 sus puertas a partir de las 10:00 A.M. y las actividades concluir\u00e1n a las 06:00 P.M.<\/p>\n\n\n\n<p>Explic\u00f3 que Celestino Gasca, tiene 12 hoteles disponibles para recibir a los visitantes; asimismo, los comerciantes y restauranteros cuentan con al menos un acopio de 35 toneladas del molusco, listas para ofrecer a los comensales.<\/p>\n\n\n\n<p>\u201cCelestino Gasca se encuentra en el kil\u00f3metro 86 de la Maxipista Mazatl\u00e1n-Culiac\u00e1n, es un lugar muy privilegiado por su naturaleza, ya que su playa semivirgen y su clima tropical crean un entorno ideal para la reproducci\u00f3n del osti\u00f3n de piedra, considerado el m\u00e1s exquisito del mundo\u201d, dijo.<\/p>\n\n\n\n<p>Por su parte, el director de Seguridad P\u00fablica y Tr\u00e1nsito Municipal, \u00c9dgar Ulises Quintero Ayala, expres\u00f3 que para esta celebraci\u00f3n se tiene contemplado un operativo donde participan la Guardia Nacional, la Secretar\u00eda de la Defensa Nacional (SEDENA), elementos de la Polic\u00eda Estatal y Municipal, y los cuerpos de auxilio, no solo brindando apoyo en el lugar del evento, sino tambi\u00e9n, en carreteras, donde ya se encuentran instalados puntos de proximidad en la Maxipista Mazatl\u00e1n- Culiac\u00e1n para apoyar a la ciudadan\u00eda en caso de que lo requieran.<\/p>\n\n\n\n<p>A la conferencia de prensa asistieron tambi\u00e9n Celia Jauregui Ibarra, subsecretaria de Planeaci\u00f3n, Inversi\u00f3n y Desarrollo de la Secretar\u00eda de Turismo de Sinaloa; y los regidores F\u00e9lix Rafael Coronel Maldonado y Fedra del Roc\u00edo Guzm\u00e1n Yuriar.<\/p>\n","protected":false},"excerpt":{"rendered":"<p>Este 1 y 2 de febrero podr\u00e1s disfrutar de deliciosos platillos elaborados a base de osti\u00f3n y de mariscos, adem\u00e1s de eventos culturales, deportivos, concursos y las presentaciones musicales de Los Nietos y la Sonora Dinamita La Cruz, Elota, Sinaloa.- Este 1 y 2 de febrero, la Feria del Osti\u00f3n Elota 2025, te espera con [&hellip;]<\/p>\n","protected":false},"author":2,"featured_media":50910,"comment_status":"closed","ping_status":"open","sticky":false,"template":"","format":"standard","meta":{"_mi_skip_tracking":false,"footnotes":""},"categories":[13],"tags":[],"class_list":["post-50909","post","type-post","status-publish","format-standard","has-post-thumbnail","hentry","category-sinaloa"],"_links":{"self":[{"href":"https:\/\/www.puntociegoeditorial.com\/web\/wp-json\/wp\/v2\/posts\/50909","targetHints":{"allow":["GET"]}}],"collection":[{"href":"https:\/\/www.puntociegoeditorial.com\/web\/wp-json\/wp\/v2\/posts"}],"about":[{"href":"https:\/\/www.puntociegoeditorial.com\/web\/wp-json\/wp\/v2\/types\/post"}],"author":[{"embeddable":true,"href":"https:\/\/www.puntociegoeditorial.com\/web\/wp-json\/wp\/v2\/users\/2"}],"replies":[{"embeddable":true,"href":"https:\/\/www.puntociegoeditorial.com\/web\/wp-json\/wp\/v2\/comments?post=50909"}],"version-history":[{"count":1,"href":"https:\/\/www.puntociegoeditorial.com\/web\/wp-json\/wp\/v2\/posts\/50909\/revisions"}],"predecessor-version":[{"id":50911,"href":"https:\/\/www.puntociegoeditorial.com\/web\/wp-json\/wp\/v2\/posts\/50909\/revisions\/50911"}],"wp:featuredmedia":[{"embeddable":true,"href":"https:\/\/www.puntociegoeditorial.com\/web\/wp-json\/wp\/v2\/media\/50910"}],"wp:attachment":[{"href":"https:\/\/www.puntociegoeditorial.com\/web\/wp-json\/wp\/v2\/media?parent=50909"}],"wp:term":[{"taxonomy":"category","embeddable":true,"href":"https:\/\/www.puntociegoeditorial.com\/web\/wp-json\/wp\/v2\/categories?post=50909"},{"taxonomy":"post_tag","embeddable":true,"href":"https:\/\/www.puntociegoeditorial.com\/web\/wp-json\/wp\/v2\/tags?post=50909"}],"curies":[{"name":"wp","href":"https:\/\/api.w.org\/{rel}","templated":true}]}}