{"id":50922,"date":"2025-01-28T11:00:05","date_gmt":"2025-01-28T18:00:05","guid":{"rendered":"https:\/\/www.puntociegoeditorial.com\/web\/?p=50922"},"modified":"2025-01-29T23:01:26","modified_gmt":"2025-01-30T06:01:26","slug":"el-dr-jorge-bojorquez-inaugura-la-segunda-temporada-del-iii-festival-estudiantil-de-teatro-2024-2025","status":"publish","type":"post","link":"https:\/\/www.puntociegoeditorial.com\/web\/2025\/01\/28\/el-dr-jorge-bojorquez-inaugura-la-segunda-temporada-del-iii-festival-estudiantil-de-teatro-2024-2025\/","title":{"rendered":"El Dr. Jorge Boj\u00f3rquez inaugura la Segunda Temporada del III Festival Estudiantil de Teatro 2024-2025"},"content":{"rendered":"\n<p>Navolato, Sinaloa. Martes 28 de enero de 2025. \u2013 Con entusiasmo y gran participaci\u00f3n, se llev\u00f3 a cabo la inauguraci\u00f3n de la Segunda Temporada del III Festival Estudiantil de Teatro 2024-2025, un evento lleno de arte y valores organizado por la Universidad Aut\u00f3noma de Sinaloa a trav\u00e9s de la Unidad Acad\u00e9mica Preparatoria Navolato.<\/p>\n\n\n\n<p>Este festival, que tiene como estandarte la Cultura de la Paz, busca impactar positivamente a la sociedad mediante presentaciones teatrales en modalidad de t\u00edteres realizadas por estudiantes de tercer grado de preparatoria. En cada obra se destacan valores como la inclusi\u00f3n, la igualdad de g\u00e9nero, el pensamiento cr\u00edtico y la apropiaci\u00f3n cultural, fortaleciendo la educaci\u00f3n a trav\u00e9s de expresiones art\u00edsticas.<\/p>\n\n\n\n<p>En su mensaje, el Presidente Municipal de Navolato, Dr. Jorge Boj\u00f3rquez, destac\u00f3 la importancia de la sinergia entre el gobierno municipal y las instituciones educativas para construir un futuro pr\u00f3spero para la comunidad. \u201cLa educaci\u00f3n y la cultura son pilares fundamentales para el desarrollo de Navolato. Nuestro gobierno est\u00e1 comprometido con abrir las puertas a proyectos que fortalezcan a nuestras ni\u00f1as, ni\u00f1os y j\u00f3venes, fomentando el arte, el deporte y los valores que nos unen como sociedad\u201d, expres\u00f3.<\/p>\n\n\n\n<p>Con la participaci\u00f3n de alumnos y el beneficio directo a diversas escuelas, el festival se consolida como una actividad esencial para la promoci\u00f3n de la cultura y los valores en Navolato.<\/p>\n\n\n\n<p>El Ayuntamiento de Navolato, en colaboraci\u00f3n con autoridades educativas estatales y municipales, reafirma su compromiso de impulsar proyectos que promuevan la educaci\u00f3n, la cultura y la paz como herramientas de transformaci\u00f3n social.<\/p>\n\n\n\n<p>El festival tiene como objetivo promover una Cultura de Paz mediante la gesti\u00f3n cultural, integrando los valores educativos y los ejes de la Nueva Escuela Mexicana, como la inclusi\u00f3n, la interculturalidad y la vida saludable, a trav\u00e9s de experiencias est\u00e9ticas y art\u00edsticas.<\/p>\n\n\n\n<p>Personas encargadas del evento presentes: Dra. Ana Karen Malverde, Secretar\u00eda Administrativa; MGC. C\u00e9sar Enrique Rodr\u00edguez L\u00f3pez, Productor del Festival; Georgina Guadalupe Sosa Campa\u00f1a, Presidenta de la Sociedad de Alumnos; Lic. Miguel M\u00e9ndez Mu\u00f1oz, Director de la Escuela Primaria Francisco I. Madero;Sra. Mar\u00eda Luz Garc\u00eda Hern\u00e1ndez, Presidenta de la Sociedad de Padres de Familia.<\/p>\n","protected":false},"excerpt":{"rendered":"<p>Navolato, Sinaloa. Martes 28 de enero de 2025. \u2013 Con entusiasmo y gran participaci\u00f3n, se llev\u00f3 a cabo la inauguraci\u00f3n de la Segunda Temporada del III Festival Estudiantil de Teatro 2024-2025, un evento lleno de arte y valores organizado por la Universidad Aut\u00f3noma de Sinaloa a trav\u00e9s de la Unidad Acad\u00e9mica Preparatoria Navolato. Este festival, [&hellip;]<\/p>\n","protected":false},"author":2,"featured_media":50923,"comment_status":"closed","ping_status":"open","sticky":false,"template":"","format":"standard","meta":{"_mi_skip_tracking":false,"footnotes":""},"categories":[12],"tags":[],"class_list":["post-50922","post","type-post","status-publish","format-standard","has-post-thumbnail","hentry","category-ciudad"],"_links":{"self":[{"href":"https:\/\/www.puntociegoeditorial.com\/web\/wp-json\/wp\/v2\/posts\/50922","targetHints":{"allow":["GET"]}}],"collection":[{"href":"https:\/\/www.puntociegoeditorial.com\/web\/wp-json\/wp\/v2\/posts"}],"about":[{"href":"https:\/\/www.puntociegoeditorial.com\/web\/wp-json\/wp\/v2\/types\/post"}],"author":[{"embeddable":true,"href":"https:\/\/www.puntociegoeditorial.com\/web\/wp-json\/wp\/v2\/users\/2"}],"replies":[{"embeddable":true,"href":"https:\/\/www.puntociegoeditorial.com\/web\/wp-json\/wp\/v2\/comments?post=50922"}],"version-history":[{"count":1,"href":"https:\/\/www.puntociegoeditorial.com\/web\/wp-json\/wp\/v2\/posts\/50922\/revisions"}],"predecessor-version":[{"id":50924,"href":"https:\/\/www.puntociegoeditorial.com\/web\/wp-json\/wp\/v2\/posts\/50922\/revisions\/50924"}],"wp:featuredmedia":[{"embeddable":true,"href":"https:\/\/www.puntociegoeditorial.com\/web\/wp-json\/wp\/v2\/media\/50923"}],"wp:attachment":[{"href":"https:\/\/www.puntociegoeditorial.com\/web\/wp-json\/wp\/v2\/media?parent=50922"}],"wp:term":[{"taxonomy":"category","embeddable":true,"href":"https:\/\/www.puntociegoeditorial.com\/web\/wp-json\/wp\/v2\/categories?post=50922"},{"taxonomy":"post_tag","embeddable":true,"href":"https:\/\/www.puntociegoeditorial.com\/web\/wp-json\/wp\/v2\/tags?post=50922"}],"curies":[{"name":"wp","href":"https:\/\/api.w.org\/{rel}","templated":true}]}}