{"id":50929,"date":"2025-01-28T12:14:42","date_gmt":"2025-01-28T19:14:42","guid":{"rendered":"https:\/\/www.puntociegoeditorial.com\/web\/?p=50929"},"modified":"2025-01-29T23:01:34","modified_gmt":"2025-01-30T06:01:34","slug":"invitan-a-la-presentacion-de-la-realeza-del-carnaval-de-rosario-2025","status":"publish","type":"post","link":"https:\/\/www.puntociegoeditorial.com\/web\/2025\/01\/28\/invitan-a-la-presentacion-de-la-realeza-del-carnaval-de-rosario-2025\/","title":{"rendered":"Invitan a la presentaci\u00f3n de la realeza del Carnaval de Rosario 2025"},"content":{"rendered":"\n<p>El Carnaval de Rosario se ha vuelto una de las tradiciones que m\u00e1s disfrutan los rosarenses, por tercer a\u00f1o consecutivo el Gobierno Municipal que lidera la Presidenta, Claudia Liliana Valdez Aguilar, retomar\u00e1 esta magna fiesta, que seg\u00fan relatan, exist\u00eda hace muchos a\u00f1os, y que fue perdi\u00e9ndose hasta la llegada de la actual Administraci\u00f3n.<\/p>\n\n\n\n<p>Los preparativos est\u00e1n casi listos, as\u00ed lo dio a conocer el Director de Casa de la Cultura Gilberto Owen, Gabriel Ernesto Dom\u00ednguez L\u00f3pez, quien aprovech\u00f3 para invitar a los ciudadanos a disfrutar del inicio del Carnaval 2025 que en esta edici\u00f3n se realizar\u00e1 bajo el nombre \u201cAl Ritmo Latino\u201d.<\/p>\n\n\n\n<p>La primera actividad se realizar\u00e1 este viernes 31 de enero, en la Explanada Municipal, en punto de las 18:00 horas, ser\u00e1 la revelaci\u00f3n de reinas y rey lo que d\u00e9 inicio a la fiesta carnestolenda.<\/p>\n\n\n\n<p>Gabriel Dom\u00ednguez adelant\u00f3 que el Carnaval se realizar\u00e1 los primeros d\u00edas de marzo, asegurando que esta edici\u00f3n, sorprender\u00e1 a todos los rosarenses.<\/p>\n\n\n\n<p>Precis\u00f3 que desde la llegada de Claudia Valdez a la Presidencia, se ha retomado esta bonita actividad, que hace muchos a\u00f1os sol\u00eda realizarse por parte de un importante Club Social y que con el paso del tiempo fue perdi\u00e9ndose, hasta hace un par de a\u00f1os que la Alcaldesa Rosarense decidi\u00f3 revivirla, con la finalidad de ofrecerle a los ciudadanos, momentos de sano esparcimiento, de convivencia familiar y por qu\u00e9 no, de proyectar la imagen del Pueblo M\u00e1gico.<\/p>\n","protected":false},"excerpt":{"rendered":"<p>El Carnaval de Rosario se ha vuelto una de las tradiciones que m\u00e1s disfrutan los rosarenses, por tercer a\u00f1o consecutivo el Gobierno Municipal que lidera la Presidenta, Claudia Liliana Valdez Aguilar, retomar\u00e1 esta magna fiesta, que seg\u00fan relatan, exist\u00eda hace muchos a\u00f1os, y que fue perdi\u00e9ndose hasta la llegada de la actual Administraci\u00f3n. Los preparativos [&hellip;]<\/p>\n","protected":false},"author":2,"featured_media":50930,"comment_status":"closed","ping_status":"open","sticky":false,"template":"","format":"standard","meta":{"_mi_skip_tracking":false,"footnotes":""},"categories":[13],"tags":[],"class_list":["post-50929","post","type-post","status-publish","format-standard","has-post-thumbnail","hentry","category-sinaloa"],"_links":{"self":[{"href":"https:\/\/www.puntociegoeditorial.com\/web\/wp-json\/wp\/v2\/posts\/50929","targetHints":{"allow":["GET"]}}],"collection":[{"href":"https:\/\/www.puntociegoeditorial.com\/web\/wp-json\/wp\/v2\/posts"}],"about":[{"href":"https:\/\/www.puntociegoeditorial.com\/web\/wp-json\/wp\/v2\/types\/post"}],"author":[{"embeddable":true,"href":"https:\/\/www.puntociegoeditorial.com\/web\/wp-json\/wp\/v2\/users\/2"}],"replies":[{"embeddable":true,"href":"https:\/\/www.puntociegoeditorial.com\/web\/wp-json\/wp\/v2\/comments?post=50929"}],"version-history":[{"count":1,"href":"https:\/\/www.puntociegoeditorial.com\/web\/wp-json\/wp\/v2\/posts\/50929\/revisions"}],"predecessor-version":[{"id":50931,"href":"https:\/\/www.puntociegoeditorial.com\/web\/wp-json\/wp\/v2\/posts\/50929\/revisions\/50931"}],"wp:featuredmedia":[{"embeddable":true,"href":"https:\/\/www.puntociegoeditorial.com\/web\/wp-json\/wp\/v2\/media\/50930"}],"wp:attachment":[{"href":"https:\/\/www.puntociegoeditorial.com\/web\/wp-json\/wp\/v2\/media?parent=50929"}],"wp:term":[{"taxonomy":"category","embeddable":true,"href":"https:\/\/www.puntociegoeditorial.com\/web\/wp-json\/wp\/v2\/categories?post=50929"},{"taxonomy":"post_tag","embeddable":true,"href":"https:\/\/www.puntociegoeditorial.com\/web\/wp-json\/wp\/v2\/tags?post=50929"}],"curies":[{"name":"wp","href":"https:\/\/api.w.org\/{rel}","templated":true}]}}