{"id":50945,"date":"2025-01-28T15:03:46","date_gmt":"2025-01-28T22:03:46","guid":{"rendered":"https:\/\/www.puntociegoeditorial.com\/web\/?p=50945"},"modified":"2025-01-29T23:02:06","modified_gmt":"2025-01-30T06:02:06","slug":"la-seguridad-en-el-carnaval-de-mazatlan-esta-garantizada-castro-melendrez","status":"publish","type":"post","link":"https:\/\/www.puntociegoeditorial.com\/web\/2025\/01\/28\/la-seguridad-en-el-carnaval-de-mazatlan-esta-garantizada-castro-melendrez\/","title":{"rendered":"La seguridad en el Carnaval de Mazatl\u00e1n est\u00e1 garantizada: Castro Mel\u00e9ndrez"},"content":{"rendered":"\n<p><em>El Secretario General destac\u00f3 que la presencia de artistas de talla internacional es una inversi\u00f3n social de gran importancia.<\/em><\/p>\n\n\n\n<p>Culiac\u00e1n, Sinaloa, a 28 de Enero de 2025.- Dise\u00f1ados con la anticipaci\u00f3n adecuada, los operativos de seguridad en el que participar\u00e1n corporaciones de los tres \u00f3rdenes de gobierno, garantizan que el Carnaval de Mazatl\u00e1n 2025 se desarrollar\u00e1 con total tranquilidad, destac\u00f3 este martes Feliciano Castro Mel\u00e9ndrez, Secretario General de Gobierno, al abordar el tema en la conferencia de la Vocer\u00eda.<\/p>\n\n\n\n<p>Castro Mel\u00e9ndrez afirm\u00f3 que las condiciones est\u00e1n dadas para que la ciudadan\u00eda concurra y puedan disfrutar de los artistas de talla internacional que se presentar\u00e1n en este evento.<\/p>\n\n\n\n<p>\u00abSe han desarrollado varias reuniones donde participa Defensa, Marina, la Secretar\u00eda de Seguridad P\u00fablica de Sinaloa, en coordinaci\u00f3n con las dependencias del Ayuntamiento de Mazatl\u00e1n y la participaci\u00f3n en lo que corresponde a la Secretar\u00eda de Turismo, entonces est\u00e1n tomadas las medidas para eso, incluso, hoy mismo por la ma\u00f1ana se abordaba el tema, Defensa compart\u00eda como se tiene resguardada la carretera Mazatl\u00e1n &#8211; Durango y el Gobernador plante\u00f3 la necesidad de reforzar para garantizar en condiciones \u00f3ptimas todo\u00bb, se\u00f1al\u00f3.<\/p>\n\n\n\n<p>El Vocero Estatal indic\u00f3 que la presencia de importantes artistas como el tenor Pl\u00e1cido Domingo es una gran inversi\u00f3n social y la meta debe ser impulsar estos eventos culturales, no solo durante las festividades del Carnaval, sino tambi\u00e9n de forma cotidiana, para disfrute de las familias locales.<\/p>\n\n\n\n<p>\u00abActividades como la presencia de Pl\u00e1cido Domingo en el marco del carnaval, es algo muy muy significativo, ojal\u00e1 tuvi\u00e9semos la posibilidad de propiciar muchos eventos de esta naturaleza y ojal\u00e1 que esos eventos pudieran alcanzar m\u00e1s all\u00e1 propiamente el evento de la convocatoria, creo que el reto mayor es que no solo veamos la zona dorada de Mazatl\u00e1n, sino tambi\u00e9n la zona de las colonias populares\u00bb, detall\u00f3.<\/p>\n\n\n\n<p>Finalmente, el Secretario General se\u00f1al\u00f3 que las autoridades locales est\u00e1n trabajando arduamente en la organizaci\u00f3n de estas fiestas para el disfrute del turismo nacional y extranjero de forma ordenada y acorde a sus expectativas.<\/p>\n","protected":false},"excerpt":{"rendered":"<p>El Secretario General destac\u00f3 que la presencia de artistas de talla internacional es una inversi\u00f3n social de gran importancia. Culiac\u00e1n, Sinaloa, a 28 de Enero de 2025.- Dise\u00f1ados con la anticipaci\u00f3n adecuada, los operativos de seguridad en el que participar\u00e1n corporaciones de los tres \u00f3rdenes de gobierno, garantizan que el Carnaval de Mazatl\u00e1n 2025 se [&hellip;]<\/p>\n","protected":false},"author":2,"featured_media":50946,"comment_status":"closed","ping_status":"open","sticky":false,"template":"","format":"standard","meta":{"_mi_skip_tracking":false,"footnotes":""},"categories":[13],"tags":[],"class_list":["post-50945","post","type-post","status-publish","format-standard","has-post-thumbnail","hentry","category-sinaloa"],"_links":{"self":[{"href":"https:\/\/www.puntociegoeditorial.com\/web\/wp-json\/wp\/v2\/posts\/50945","targetHints":{"allow":["GET"]}}],"collection":[{"href":"https:\/\/www.puntociegoeditorial.com\/web\/wp-json\/wp\/v2\/posts"}],"about":[{"href":"https:\/\/www.puntociegoeditorial.com\/web\/wp-json\/wp\/v2\/types\/post"}],"author":[{"embeddable":true,"href":"https:\/\/www.puntociegoeditorial.com\/web\/wp-json\/wp\/v2\/users\/2"}],"replies":[{"embeddable":true,"href":"https:\/\/www.puntociegoeditorial.com\/web\/wp-json\/wp\/v2\/comments?post=50945"}],"version-history":[{"count":1,"href":"https:\/\/www.puntociegoeditorial.com\/web\/wp-json\/wp\/v2\/posts\/50945\/revisions"}],"predecessor-version":[{"id":50947,"href":"https:\/\/www.puntociegoeditorial.com\/web\/wp-json\/wp\/v2\/posts\/50945\/revisions\/50947"}],"wp:featuredmedia":[{"embeddable":true,"href":"https:\/\/www.puntociegoeditorial.com\/web\/wp-json\/wp\/v2\/media\/50946"}],"wp:attachment":[{"href":"https:\/\/www.puntociegoeditorial.com\/web\/wp-json\/wp\/v2\/media?parent=50945"}],"wp:term":[{"taxonomy":"category","embeddable":true,"href":"https:\/\/www.puntociegoeditorial.com\/web\/wp-json\/wp\/v2\/categories?post=50945"},{"taxonomy":"post_tag","embeddable":true,"href":"https:\/\/www.puntociegoeditorial.com\/web\/wp-json\/wp\/v2\/tags?post=50945"}],"curies":[{"name":"wp","href":"https:\/\/api.w.org\/{rel}","templated":true}]}}