{"id":50951,"date":"2025-01-28T22:27:08","date_gmt":"2025-01-29T05:27:08","guid":{"rendered":"https:\/\/www.puntociegoeditorial.com\/web\/?p=50951"},"modified":"2025-01-29T23:02:21","modified_gmt":"2025-01-30T06:02:21","slug":"juan-de-dios-gamez-convoca-a-todos-los-sectores-de-la-sociedad-a-una-gran-alianza-por-la-paz-y-desarrollo-de-culiacan","status":"publish","type":"post","link":"https:\/\/www.puntociegoeditorial.com\/web\/2025\/01\/28\/juan-de-dios-gamez-convoca-a-todos-los-sectores-de-la-sociedad-a-una-gran-alianza-por-la-paz-y-desarrollo-de-culiacan\/","title":{"rendered":"Juan de Dios G\u00e1mez convoca a todos los sectores de la sociedad a una gran alianza por la paz y desarrollo de Culiac\u00e1n"},"content":{"rendered":"\n<p>Culiac\u00e1n, Sin., a 28 de enero de 2025.- Al instalar el Consejo de Planeaci\u00f3n para el Municipio de Culiac\u00e1n (COPLADEM), el alcalde Juan de Dios G\u00e1mez Mend\u00edvil agradeci\u00f3 a cada uno de los integrantes su disponibilidad y compromiso para trabajar con este instrumento y formar una gran alianza entre el Gobierno Federal, Estatal y Municipal con las diferentes instituciones y asociaciones de la sociedad, para hacer un solo plan estrat\u00e9gico y de trabajo que priorice el bienestar de las familias de Culiac\u00e1n.<\/p>\n\n\n\n<p>El COPLADEM est\u00e1 confirmado por representantes de c\u00e1maras empresariales y asociaciones civiles como Fundaci\u00f3n Coppel, UAS, UADEO, La Casa del Maquio, Construyendo la Paz, CANACO, CMIC, Canirac y el Colegio de Sinaloa.<\/p>\n\n\n\n<p>El presidente municipal destac\u00f3 que de la conformaci\u00f3n de dicho consejo es muy pertinente por el momento en que se vive Culiac\u00e1n, en donde se requiere de mucho trabajo en conjunto, para mejorar las condiciones de las familias.<\/p>\n\n\n\n<p>\u00abEste plan, si bien a lo largo de la historia siempre ha sido importante, en este momento que estamos viviendo en Culiac\u00e1n, es una oportunidad hist\u00f3rica, hoy trasciende y supera cualquier necesidad, el poder apoyarnos entre todos, aqu\u00ed vivimos, aqu\u00ed nacimos, de aqu\u00ed somos, aqu\u00ed estamos, aqu\u00ed mantenemos nuestros tesoros m\u00e1s preciados, nuestras familias, vale la pena que construyamos una alianza\u00bb, expres\u00f3.<\/p>\n\n\n\n<p>Asimismo, resalt\u00f3 la importancia de continuar trabajando estrechamente en eventos como la Feria Internacional del Libro que abonan a promover la cultura desde la ni\u00f1ez y a inhibir pr\u00e1cticas antisociales.<\/p>\n\n\n\n<p>La presidenta de CANIRAC, Laura Guzm\u00e1n Torr\u00f3ntegui, resalt\u00f3 la importancia del COPLADEM para desde cada uno de los sectores aportar y trabajar en una sola l\u00ednea de trabajo que est\u00e9 dirigida a mejoras las condiciones de Culiac\u00e1n.<\/p>\n\n\n\n<p>Por su parte, el presidente de El Colegio de Sinaloa \u00c9lmer Mendoza Valenzuela, coincidi\u00f3 en ello y asegur\u00f3 que un factor com\u00fan entre cada uno de los integrantes es la esperanza de mejorar el municipio; y resalt\u00f3 que gracias a la Feria Internacional del Libro se ha volteado a ver a Culiac\u00e1n de una manera positiva.<\/p>\n\n\n\n<p>De igual manera, Javier Llaus\u00e1s Maga\u00f1a de Construyamos la Paz, recalc\u00f3 la gran responsabilidad que tiene cada uno de quienes conforman el COPLADEM, para procurar el bienestar de los culiacanenses.<\/p>\n\n\n\n<p>La Secretaria de la Mujeres del Municipio, Mar\u00eda Elena Armenta de la Rocha y la regidora Guillermina L\u00f3pez Escobar tambi\u00e9n refrendaron su compromiso de contribuir desde sus \u00e1reas a la optimizaci\u00f3n de este instrumento.<\/p>\n\n\n\n<p><em>Los integrantes del COPLADEM son:<\/em><\/p>\n\n\n\n<p>Juan de Dios G\u00e1mez Mend\u00edvil &#8211; Presidente<\/p>\n\n\n\n<p>Jos\u00e9 Ernesto Pe\u00f1uelas Castellanos -Coordinador Operativo<\/p>\n\n\n\n<p>Representante de la Fracci\u00f3n de Regidores de Morena, Cinthia Valenzuela Langarica &#8211; Vocal<\/p>\n\n\n\n<p>Representante de la Fracci\u00f3n de Regidores del PRI &#8211; Lourdes Erika S\u00e1nchez Martinez &#8211; Vocal<\/p>\n\n\n\n<p>Representante de la Fracci\u00f3n de Regidores del PVEM, Julio Cesar Osuna Chaidez &#8211; Vocal<\/p>\n\n\n\n<p>Representante de la Fracci\u00f3n de Regidores del M.C. Rigoberto Torres Ramos &#8211; Vocal<\/p>\n\n\n\n<p>Representante de la Fracci\u00f3n de Regidores del PAN, Guillermina L\u00f3pez Escobar &#8211; Vocal<\/p>\n\n\n\n<p>Tesorer\u00eda Municipal Laura Araceli Nieblas Leal &#8211; Vocal<\/p>\n\n\n\n<p>Secretar\u00eda de Bienestar del Municipio de Culiac\u00e1n, Aline Krystabel Guerra Garc\u00eda &#8211; Vocal<\/p>\n\n\n\n<p>Direcci\u00f3n General del Instituto Municipal de la Juventud de Culiac\u00e1n, Rub\u00e9n Alexis Luque Arreola &#8211; Vocal<\/p>\n\n\n\n<p>Secretaria de las Mujeres, de Culiac\u00e1n, Sinaloa, Mar\u00eda Elena Armenta de la Rocha &#8211; Vocal<\/p>\n\n\n\n<p>Direcci\u00f3n General del Instituto Municipal de<br>Planeaci\u00f3n Urbana de Culiac\u00e1n, Simei Jezabel Cebreros Raygoza &#8211; Vocal<\/p>\n\n\n\n<p>Direcci\u00f3n General del Instituto Municipal de Cultura Culiac\u00e1n, Adolfo Plata Guzm\u00e1n &#8211; Vocal<\/p>\n\n\n\n<p>Secretaria General del Congreso del Estado de Sinaloa, Consuelo Guti\u00e9rrez Guti\u00e9rrez &#8211; Vocal<\/p>\n\n\n\n<p>Coordinaci\u00f3n General de Desarrollo Tecnol\u00f3gico y Proyectos Especiales del Gobierno del Estado de Sinaloa, Rodolfo Monreal \u00c1vila &#8211; Vocal<\/p>\n\n\n\n<p>Secretaria de Bienestar y Desarrollo Sustentable del Estado de Sinaloa, Maria In\u00e9s P\u00e9rez Corral &#8211; Vocal<\/p>\n\n\n\n<p>Fundaci\u00f3n Coppel, Am\u00e9rica Anaid \u00c1valos Galindo &#8211; Vocal<\/p>\n\n\n\n<p>Universidad Tecnol\u00f3gica de Culiac\u00e1n, Ana Lucia Escobar Ch\u00e1vez &#8211; Vocal<\/p>\n\n\n\n<p>Casa Maqu\u00edo, Carmina Medina Pe\u00f1a &#8211; Vocal<\/p>\n\n\n\n<p>Universidad Aut\u00f3noma de Occidente, Fabiola Guadalupe Gaxiola L\u00f3pez &#8211; Vocal<\/p>\n\n\n\n<p>CANACO Culiac\u00e1n, Guadalupe Zavala Yamaguchi &#8211; Vocal<\/p>\n\n\n\n<p>CANIRAC Culiac\u00e1n, Laura Guzm\u00e1n Torr\u00f3ntegui &#8211; Vocal<\/p>\n\n\n\n<p>CMIC Sinaloa Centro, Emilio Contreras Mendoza &#8211; Vocal<\/p>\n\n\n\n<p>Construyendo la Paz Javier Llaus\u00e1s Maga\u00f1a &#8211; Vocal<\/p>\n\n\n\n<p>El Colegio de Sinaloa \u00c9lmer Filem\u00f3n Mendoza Valenzuela &#8211; Vocal<\/p>\n\n\n\n<p>Universidad Aut\u00f3noma de Sinaloa, Armida Llamas Estrada &#8211; Vocal<\/p>\n","protected":false},"excerpt":{"rendered":"<p>Culiac\u00e1n, Sin., a 28 de enero de 2025.- Al instalar el Consejo de Planeaci\u00f3n para el Municipio de Culiac\u00e1n (COPLADEM), el alcalde Juan de Dios G\u00e1mez Mend\u00edvil agradeci\u00f3 a cada uno de los integrantes su disponibilidad y compromiso para trabajar con este instrumento y formar una gran alianza entre el Gobierno Federal, Estatal y Municipal [&hellip;]<\/p>\n","protected":false},"author":2,"featured_media":50952,"comment_status":"closed","ping_status":"open","sticky":false,"template":"","format":"standard","meta":{"_mi_skip_tracking":false,"footnotes":""},"categories":[12],"tags":[],"class_list":["post-50951","post","type-post","status-publish","format-standard","has-post-thumbnail","hentry","category-ciudad"],"_links":{"self":[{"href":"https:\/\/www.puntociegoeditorial.com\/web\/wp-json\/wp\/v2\/posts\/50951","targetHints":{"allow":["GET"]}}],"collection":[{"href":"https:\/\/www.puntociegoeditorial.com\/web\/wp-json\/wp\/v2\/posts"}],"about":[{"href":"https:\/\/www.puntociegoeditorial.com\/web\/wp-json\/wp\/v2\/types\/post"}],"author":[{"embeddable":true,"href":"https:\/\/www.puntociegoeditorial.com\/web\/wp-json\/wp\/v2\/users\/2"}],"replies":[{"embeddable":true,"href":"https:\/\/www.puntociegoeditorial.com\/web\/wp-json\/wp\/v2\/comments?post=50951"}],"version-history":[{"count":1,"href":"https:\/\/www.puntociegoeditorial.com\/web\/wp-json\/wp\/v2\/posts\/50951\/revisions"}],"predecessor-version":[{"id":50953,"href":"https:\/\/www.puntociegoeditorial.com\/web\/wp-json\/wp\/v2\/posts\/50951\/revisions\/50953"}],"wp:featuredmedia":[{"embeddable":true,"href":"https:\/\/www.puntociegoeditorial.com\/web\/wp-json\/wp\/v2\/media\/50952"}],"wp:attachment":[{"href":"https:\/\/www.puntociegoeditorial.com\/web\/wp-json\/wp\/v2\/media?parent=50951"}],"wp:term":[{"taxonomy":"category","embeddable":true,"href":"https:\/\/www.puntociegoeditorial.com\/web\/wp-json\/wp\/v2\/categories?post=50951"},{"taxonomy":"post_tag","embeddable":true,"href":"https:\/\/www.puntociegoeditorial.com\/web\/wp-json\/wp\/v2\/tags?post=50951"}],"curies":[{"name":"wp","href":"https:\/\/api.w.org\/{rel}","templated":true}]}}