{"id":50954,"date":"2025-01-28T22:27:39","date_gmt":"2025-01-29T05:27:39","guid":{"rendered":"https:\/\/www.puntociegoeditorial.com\/web\/?p=50954"},"modified":"2025-01-29T23:02:26","modified_gmt":"2025-01-30T06:02:26","slug":"respaldan-morena-y-pvem-marchas-por-la-paz-rocha-moya-trabaja-por-la-paz-sostienen","status":"publish","type":"post","link":"https:\/\/www.puntociegoeditorial.com\/web\/2025\/01\/28\/respaldan-morena-y-pvem-marchas-por-la-paz-rocha-moya-trabaja-por-la-paz-sostienen\/","title":{"rendered":"Respaldan Morena y PVEM marchas por la paz. Rocha Moya trabaja por la paz, sostienen"},"content":{"rendered":"\n<p>Culiac\u00e1n, Sinaloa, 28 de enero de 2025.- Diputado de Morena y diputada del PVEM se solidarizaron con las familias que han sido afectadas por hechos violentos, reconocieron el derecho a la movilizaci\u00f3n y de protesta de la sociedad, pero llamaron a reflexionar sobre las causas hist\u00f3ricas y culturales que impulsan estos hechos y reconocieron en Rub\u00e9n Rocha Moya a un gobernador que trabaja por la paz y el bienestar de las y los sinaloenses.<\/p>\n\n\n\n<p>En el punto de Asuntos Generales de la Sesi\u00f3n Ordinaria de este martes, subieron a tribuna el diputado de Morena, Eligio L\u00f3pez Portillo, y la diputada del Partido Verde Ecologista de M\u00e9xico, Yeraldine Bonilla Valverde, quien tambi\u00e9n es presidenta de la Mesa Directiva del Congreso.<\/p>\n\n\n\n<p>Eligio L\u00f3pez expuso que no se puede negar que Sinaloa, principalmente Culiac\u00e1n, enfrenta una crisis de violencia, pero puntualiz\u00f3 que esta ha sido generada por una ruptura del crimen organizado que tiene a dos facciones enfrent\u00e1ndose.<br>Ante esta violencia, dijo, los sectores sociales han salido a protestar y a movilizarse para exigir paz, exigencia que es justa y leg\u00edtima y que Morena la hace suya.<\/p>\n\n\n\n<p>Aclar\u00f3 que de parte de los gobiernos estatal y federal se han coordinado esfuerzos para contener la violencia, gracias a lo cual se ha detenido a muchos delincuentes y se han decomisado armas, veh\u00edculos blindados, equipo t\u00e1ctico, drogas y dinero ilegal.<\/p>\n\n\n\n<p>No obstante, reconoci\u00f3, padres de familia y sectores productivos de Sinaloa no est\u00e1n satisfechos, y en Morena tambi\u00e9n se tiene sensibilidad ante el dolor humano, el dolor de las v\u00edctimas y sus familias.<br>Aclar\u00f3 que Morena no descalifica las protestas, sino que por el contrario se suma a las mismas.<\/p>\n\n\n\n<p>Sin embargo, observ\u00f3 que dentro de estas protestas se enquistan intereses de actores pol\u00edticos que pretenden lucrar con la indignaci\u00f3n ciudadana.<br>Como prueba de ello se refiri\u00f3 a la demanda pol\u00edtica de que renuncie el gobernador Rub\u00e9n Rocha Moya, y abandone el mandato que m\u00e1s de 600 mil sinaloenses le otorgaron a trav\u00e9s del voto en las elecciones locales del 2021.<\/p>\n\n\n\n<p>La diputada Yeraldine Bonilla reconoci\u00f3 tambi\u00e9n que varios municipios de Sinaloa, pero principalmente Culiac\u00e1n, enfrentan hechos violentos en los que hay v\u00edctimas inocentes.<\/p>\n\n\n\n<p>Es doloroso, dijo que estos hechos empa\u00f1en la imagen de Sinaloa como un estado productor de alimentos y lugar de gente buena y trabajadora.<br>Los hechos presentados en los \u00faltimos meses, expuso, no comprometen s\u00f3lo al gobierno ni tampoco se reduce a resolverlo s\u00f3lo con p\u00f3lvora, sino que tambi\u00e9n demanda el acompa\u00f1amiento de toda la sociedad.<\/p>\n\n\n\n<p>Es la sociedad, expuso, la que debe alejar a ni\u00f1as y ni\u00f1os de juguetes b\u00e9licos, y evitar la normalizaci\u00f3n de la violencia y la narcocultura.<\/p>\n\n\n\n<p>Desde las escuelas, las universidades y los entornos familiares, dijo, tenemos la obligaci\u00f3n de reconstruir nuestro tejido social y hacer de Sinaloa un lugar seguro para vivir y un lugar sano para nacer y crecer.<\/p>\n\n\n\n<p>Tambi\u00e9n resalt\u00f3 que el gobernador Rub\u00e9n Rocha Moya realiza muchos esfuerzos para construir la paz en Sinaloa, sobre todo atendiendo las demandas de las corporaciones policiacas en materia salarial, seguridad social y equipamiento, e invit\u00f3 a no regatearle ning\u00fan esfuerzo.<br>Entre esos esfuerzos se\u00f1al\u00f3 el retiro de 600 armas durante 2024, junto con 25 mil cartuchos y municiones, gracias a la entrega de incentivos econ\u00f3micos que sumaron casi 2.6 millones de pesos.<br>Le a\u00f1adi\u00f3 la estrategia implementada para evitar bloqueos de carreteras.<\/p>\n\n\n\n<p>Es decir, puntualiz\u00f3, es el narco el que mata, secuestra, viola y extorsiona al pueblo, y eso es lo que se debe reconocer como problema para poder encontrar soluciones efectivas sin m\u00e1s derramamiento de sangre.<\/p>\n\n\n\n<p>La soluci\u00f3n, dijo, no est\u00e1 en generar m\u00e1s violencia, sino en un pacto social civilizatorio para elevar nuestra conciencia para dejar de aceptar y glorificar la narcocultura. \u201cApostemos por la cultura, la \u00e9tica y la moral. Sinaloa nos necesita a todas y todos\u201d.<\/p>\n","protected":false},"excerpt":{"rendered":"<p>Culiac\u00e1n, Sinaloa, 28 de enero de 2025.- Diputado de Morena y diputada del PVEM se solidarizaron con las familias que han sido afectadas por hechos violentos, reconocieron el derecho a la movilizaci\u00f3n y de protesta de la sociedad, pero llamaron a reflexionar sobre las causas hist\u00f3ricas y culturales que impulsan estos hechos y reconocieron en [&hellip;]<\/p>\n","protected":false},"author":2,"featured_media":50955,"comment_status":"closed","ping_status":"open","sticky":false,"template":"","format":"standard","meta":{"_mi_skip_tracking":false,"footnotes":""},"categories":[13],"tags":[],"class_list":["post-50954","post","type-post","status-publish","format-standard","has-post-thumbnail","hentry","category-sinaloa"],"_links":{"self":[{"href":"https:\/\/www.puntociegoeditorial.com\/web\/wp-json\/wp\/v2\/posts\/50954","targetHints":{"allow":["GET"]}}],"collection":[{"href":"https:\/\/www.puntociegoeditorial.com\/web\/wp-json\/wp\/v2\/posts"}],"about":[{"href":"https:\/\/www.puntociegoeditorial.com\/web\/wp-json\/wp\/v2\/types\/post"}],"author":[{"embeddable":true,"href":"https:\/\/www.puntociegoeditorial.com\/web\/wp-json\/wp\/v2\/users\/2"}],"replies":[{"embeddable":true,"href":"https:\/\/www.puntociegoeditorial.com\/web\/wp-json\/wp\/v2\/comments?post=50954"}],"version-history":[{"count":1,"href":"https:\/\/www.puntociegoeditorial.com\/web\/wp-json\/wp\/v2\/posts\/50954\/revisions"}],"predecessor-version":[{"id":50956,"href":"https:\/\/www.puntociegoeditorial.com\/web\/wp-json\/wp\/v2\/posts\/50954\/revisions\/50956"}],"wp:featuredmedia":[{"embeddable":true,"href":"https:\/\/www.puntociegoeditorial.com\/web\/wp-json\/wp\/v2\/media\/50955"}],"wp:attachment":[{"href":"https:\/\/www.puntociegoeditorial.com\/web\/wp-json\/wp\/v2\/media?parent=50954"}],"wp:term":[{"taxonomy":"category","embeddable":true,"href":"https:\/\/www.puntociegoeditorial.com\/web\/wp-json\/wp\/v2\/categories?post=50954"},{"taxonomy":"post_tag","embeddable":true,"href":"https:\/\/www.puntociegoeditorial.com\/web\/wp-json\/wp\/v2\/tags?post=50954"}],"curies":[{"name":"wp","href":"https:\/\/api.w.org\/{rel}","templated":true}]}}