{"id":50960,"date":"2025-01-28T22:29:15","date_gmt":"2025-01-29T05:29:15","guid":{"rendered":"https:\/\/www.puntociegoeditorial.com\/web\/?p=50960"},"modified":"2025-01-29T23:02:37","modified_gmt":"2025-01-30T06:02:37","slug":"cabildo-aprueba-la-integracion-del-consejo-de-planeacion-para-el-desarrollo-del-municipio-de-culiacan-copladem","status":"publish","type":"post","link":"https:\/\/www.puntociegoeditorial.com\/web\/2025\/01\/28\/cabildo-aprueba-la-integracion-del-consejo-de-planeacion-para-el-desarrollo-del-municipio-de-culiacan-copladem\/","title":{"rendered":"Cabildo aprueba la integraci\u00f3n del Consejo de Planeaci\u00f3n para el Desarrollo del Municipio de Culiac\u00e1n (COPLADEM)"},"content":{"rendered":"\n<p>Culiac\u00e1n, Sin., 28 de enero de 2025.- En sesi\u00f3n ordinaria de Cabildo, el pleno aprob\u00f3 la conformaci\u00f3n del Consejo de Planeaci\u00f3n para el Desarrollo del Municipio de Culiac\u00e1n, Sinaloa (COPLADEM), un organismo que re\u00fane a l\u00edderes de c\u00e1maras empresariales, universidades, acad\u00e9micos y asociaciones civiles. Su objetivo es construir, mediante una visi\u00f3n integral y la consulta de diversas voces, el desarrollo y rumbo que tomar\u00e1 el municipio en los pr\u00f3ximos tres a\u00f1os.<\/p>\n\n\n\n<p>Con esta aprobaci\u00f3n, dar\u00e1n inicio los trabajos para la elaboraci\u00f3n del Plan Municipal de Desarrollo 2024-2027, correspondiente a la administraci\u00f3n encabezada por el alcalde Juan de Dios G\u00e1mez Mend\u00edvil.<\/p>\n\n\n\n<p>Durante la sesi\u00f3n, el presidente municipal propuso un acuerdo para condonar el cobro de derechos por el uso de piso en mercados y v\u00eda p\u00fablica durante el mes de febrero, con el prop\u00f3sito de seguir apoyando a los comerciantes. La propuesta fue aprobada por unanimidad.<\/p>\n\n\n\n<p>En otro punto, se abord\u00f3 la solicitud de la Comisi\u00f3n de Urbanismo, Ecolog\u00eda y Obras P\u00fablicas, relacionada con una petici\u00f3n del Instituto de Vivienda del Municipio de Culiac\u00e1n, referente al cambio de uso de suelo de un predio de 15 mil metros cuadrados ubicado en la colonia 21 de Marzo.<\/p>\n\n\n\n<p>El terreno ser\u00e1 destinado a la construcci\u00f3n de viviendas para familias de escasos recursos, con el fin de contribuir a que tengan acceso a un hogar digno.<\/p>\n\n\n\n<p>Asimismo, se aprob\u00f3 el Informe de Avance de Gesti\u00f3n Financiera Trimestral del Municipio de Culiac\u00e1n correspondiente al cuarto trimestre de 2024, la constituci\u00f3n e integraci\u00f3n del Consejo Local de Tutelas, y la autorizaci\u00f3n de 37 solicitudes de elementos de la Polic\u00eda Municipal para su retiro anticipado.<\/p>\n\n\n\n<p>Finalmente, el pleno declar\u00f3 el patio del Ayuntamiento de Culiac\u00e1n como recinto oficial para la pr\u00f3xima sesi\u00f3n de Cabildo Abierto.<\/p>\n","protected":false},"excerpt":{"rendered":"<p>Culiac\u00e1n, Sin., 28 de enero de 2025.- En sesi\u00f3n ordinaria de Cabildo, el pleno aprob\u00f3 la conformaci\u00f3n del Consejo de Planeaci\u00f3n para el Desarrollo del Municipio de Culiac\u00e1n, Sinaloa (COPLADEM), un organismo que re\u00fane a l\u00edderes de c\u00e1maras empresariales, universidades, acad\u00e9micos y asociaciones civiles. Su objetivo es construir, mediante una visi\u00f3n integral y la consulta [&hellip;]<\/p>\n","protected":false},"author":2,"featured_media":50961,"comment_status":"closed","ping_status":"open","sticky":false,"template":"","format":"standard","meta":{"_mi_skip_tracking":false,"footnotes":""},"categories":[12],"tags":[],"class_list":["post-50960","post","type-post","status-publish","format-standard","has-post-thumbnail","hentry","category-ciudad"],"_links":{"self":[{"href":"https:\/\/www.puntociegoeditorial.com\/web\/wp-json\/wp\/v2\/posts\/50960","targetHints":{"allow":["GET"]}}],"collection":[{"href":"https:\/\/www.puntociegoeditorial.com\/web\/wp-json\/wp\/v2\/posts"}],"about":[{"href":"https:\/\/www.puntociegoeditorial.com\/web\/wp-json\/wp\/v2\/types\/post"}],"author":[{"embeddable":true,"href":"https:\/\/www.puntociegoeditorial.com\/web\/wp-json\/wp\/v2\/users\/2"}],"replies":[{"embeddable":true,"href":"https:\/\/www.puntociegoeditorial.com\/web\/wp-json\/wp\/v2\/comments?post=50960"}],"version-history":[{"count":1,"href":"https:\/\/www.puntociegoeditorial.com\/web\/wp-json\/wp\/v2\/posts\/50960\/revisions"}],"predecessor-version":[{"id":50962,"href":"https:\/\/www.puntociegoeditorial.com\/web\/wp-json\/wp\/v2\/posts\/50960\/revisions\/50962"}],"wp:featuredmedia":[{"embeddable":true,"href":"https:\/\/www.puntociegoeditorial.com\/web\/wp-json\/wp\/v2\/media\/50961"}],"wp:attachment":[{"href":"https:\/\/www.puntociegoeditorial.com\/web\/wp-json\/wp\/v2\/media?parent=50960"}],"wp:term":[{"taxonomy":"category","embeddable":true,"href":"https:\/\/www.puntociegoeditorial.com\/web\/wp-json\/wp\/v2\/categories?post=50960"},{"taxonomy":"post_tag","embeddable":true,"href":"https:\/\/www.puntociegoeditorial.com\/web\/wp-json\/wp\/v2\/tags?post=50960"}],"curies":[{"name":"wp","href":"https:\/\/api.w.org\/{rel}","templated":true}]}}