{"id":50963,"date":"2025-01-28T22:29:48","date_gmt":"2025-01-29T05:29:48","guid":{"rendered":"https:\/\/www.puntociegoeditorial.com\/web\/?p=50963"},"modified":"2025-01-29T23:02:42","modified_gmt":"2025-01-30T06:02:42","slug":"no-habra-represalias-contra-quienes-vandalizaron-el-ayuntamiento-dice-alcalde-de-culiacan","status":"publish","type":"post","link":"https:\/\/www.puntociegoeditorial.com\/web\/2025\/01\/28\/no-habra-represalias-contra-quienes-vandalizaron-el-ayuntamiento-dice-alcalde-de-culiacan\/","title":{"rendered":"\u00abNo habr\u00e1 represalias contra quienes vandalizaron el Ayuntamiento\u00bb : dice Alcalde de Culiac\u00e1n"},"content":{"rendered":"\n<p>El primer edil dijo que es una total libertad a la ecorreksikny qu\u00e9 hay que ser emp\u00e1ticos con la gente<\/p>\n\n\n\n<p>Culiac\u00e1n, Sin. Ante los disturbios qu\u00e9 se generaron a las afueras del Ayuntamiento de Culiac\u00e1n el pasado domingo tras la marcha por la Paz de parte de miles de ciudadanos, el alcalde de Culiac\u00e1n, Juan de Dios G\u00e1mez Mendivil, afirm\u00f3 que no habr\u00e1 represalias contra quienes se manifestaron.<\/p>\n\n\n\n<p>Explic\u00f3 que es su libertad de expresi\u00f3n y hay empat\u00eda por la situaci\u00f3n que vive Sinaloa en cuanto a la violencia.<\/p>\n\n\n\n<p>Adem\u00e1s, a\u00f1adi\u00f3 que no se trata de buscar castigos, sino ver c\u00f3mo se puede combatir la inseguridad.<\/p>\n","protected":false},"excerpt":{"rendered":"<p>El primer edil dijo que es una total libertad a la ecorreksikny qu\u00e9 hay que ser emp\u00e1ticos con la gente Culiac\u00e1n, Sin. Ante los disturbios qu\u00e9 se generaron a las afueras del Ayuntamiento de Culiac\u00e1n el pasado domingo tras la marcha por la Paz de parte de miles de ciudadanos, el alcalde de Culiac\u00e1n, Juan [&hellip;]<\/p>\n","protected":false},"author":2,"featured_media":50964,"comment_status":"closed","ping_status":"open","sticky":false,"template":"","format":"standard","meta":{"_mi_skip_tracking":false,"footnotes":""},"categories":[12],"tags":[],"class_list":["post-50963","post","type-post","status-publish","format-standard","has-post-thumbnail","hentry","category-ciudad"],"_links":{"self":[{"href":"https:\/\/www.puntociegoeditorial.com\/web\/wp-json\/wp\/v2\/posts\/50963","targetHints":{"allow":["GET"]}}],"collection":[{"href":"https:\/\/www.puntociegoeditorial.com\/web\/wp-json\/wp\/v2\/posts"}],"about":[{"href":"https:\/\/www.puntociegoeditorial.com\/web\/wp-json\/wp\/v2\/types\/post"}],"author":[{"embeddable":true,"href":"https:\/\/www.puntociegoeditorial.com\/web\/wp-json\/wp\/v2\/users\/2"}],"replies":[{"embeddable":true,"href":"https:\/\/www.puntociegoeditorial.com\/web\/wp-json\/wp\/v2\/comments?post=50963"}],"version-history":[{"count":1,"href":"https:\/\/www.puntociegoeditorial.com\/web\/wp-json\/wp\/v2\/posts\/50963\/revisions"}],"predecessor-version":[{"id":50965,"href":"https:\/\/www.puntociegoeditorial.com\/web\/wp-json\/wp\/v2\/posts\/50963\/revisions\/50965"}],"wp:featuredmedia":[{"embeddable":true,"href":"https:\/\/www.puntociegoeditorial.com\/web\/wp-json\/wp\/v2\/media\/50964"}],"wp:attachment":[{"href":"https:\/\/www.puntociegoeditorial.com\/web\/wp-json\/wp\/v2\/media?parent=50963"}],"wp:term":[{"taxonomy":"category","embeddable":true,"href":"https:\/\/www.puntociegoeditorial.com\/web\/wp-json\/wp\/v2\/categories?post=50963"},{"taxonomy":"post_tag","embeddable":true,"href":"https:\/\/www.puntociegoeditorial.com\/web\/wp-json\/wp\/v2\/tags?post=50963"}],"curies":[{"name":"wp","href":"https:\/\/api.w.org\/{rel}","templated":true}]}}