{"id":5156,"date":"2021-11-22T15:26:40","date_gmt":"2021-11-22T22:26:40","guid":{"rendered":"https:\/\/puntociegoeditorial.com\/web\/?p=5156"},"modified":"2021-11-22T15:26:40","modified_gmt":"2021-11-22T22:26:40","slug":"campeones-de-boxeo-visitan-al-chicano-valenzuela","status":"publish","type":"post","link":"https:\/\/www.puntociegoeditorial.com\/web\/2021\/11\/22\/campeones-de-boxeo-visitan-al-chicano-valenzuela\/","title":{"rendered":"CAMPEONES DE BOXEO VISITAN AL \u201cCHICANO\u201d VALENZUELA"},"content":{"rendered":"\n<p>Conquistan tres t\u00edtulos en el torneo internacional \u201cGuerra en la Frontera\u201d<\/p>\n\n\n\n<p>Los Mochis, Ahome, Sinaloa, M\u00e9xico, 22 de noviembre de 2021 (IMDA).- El hist\u00f3rico cintur\u00f3n conquistado en febrero pasado por Fernando \u201cZurdo\u201d Qui\u00f1ones en el Torneo \u201cGuerra en la Frontera\u201d, fue superado con creces el fin de semana por los pugilistas ahomenses, al agenciarse tres en esta ocasi\u00f3n.<br>Los flamantes campeones, que fueron apoyados por el Instituto Municipal del Deporte de Ahome para acudir al torneo de car\u00e1cter internacional, realizaron este lunes una visita al director Jos\u00e9 Aureliano Valenzuela Rom\u00e1n para manifestarle su agradecimiento.<br>\u201cMuchas gracias, se\u00f1or director, por la ayuda que nos brind\u00f3 para hacer realidad el sue\u00f1o de estos muchachos\u201d, le dijo emocionado el entrenador Luis \u201cRuso\u201d Montes al \u201cChicano\u201d, en la visita donde tambi\u00e9n estuvieron presentes la delegaci\u00f3n completa, as\u00ed como los padres de familia.<br>\u201cMe da mucho gusto que hayan regresado con bien, y con la satisfacci\u00f3n de haberse tra\u00eddo tres t\u00edtulos. Eso habla del gran talento que tenemos en el boxeo mochitense y de la excelente preparaci\u00f3n que realizaron para encarar este torneo\u201d, les dijo Valenzuela a los peleadores.<br>\u201cDesde los doce a\u00f1os so\u00f1\u00e9 con ser campe\u00f3n mundial y lo logr\u00e9 hasta los 46, porque nunca renunci\u00e9 a ese objetivo, como les pido tambi\u00e9n a todos ustedes, esfu\u00e9rcense d\u00eda a d\u00eda para que cumplan sus prop\u00f3sitos\u201d, a\u00f1adi\u00f3 el bicampe\u00f3n mundial de duatl\u00f3n, reiterando el apoyo del presidente municipal, Gerardo Vargas Landeros, para el boxeo y todas las disciplinas deportivas.<br>Elvin Soto, hijo del excampe\u00f3n mundial Humberto \u201cZorrita\u201d Soto, ha tenido un sensacional noviembre al coronarse en el torneo celebrado en Mexicali tras derrotar por decisi\u00f3n un\u00e1nime al local Eli\u00e1n Ortega, en la divisi\u00f3n de los 48 kilos. Antes, hace dos semanas, tambi\u00e9n conquist\u00f3 el cintur\u00f3n en el Tercer Torneo Binacional GBP Amateur, desarrollado en Tijuana.<br>Por su parte, Juan Gerardo Vega Vega logr\u00f3 el t\u00edtulo en los 57 kilos al superar por decisi\u00f3n dividida al tijuanense Josu\u00e9 Fr\u00edas, mientras que Hermes Vega se trajo la corona tambi\u00e9n en los 57 kilos, pero Elite, imponi\u00e9ndose a Carlos Da\u00f1ales, de Rosarito, por RSC (refere suspende combate) en el segundo round.<br>Otros peleadores ahomenses que participaron en la capital de Baja California son: en la categor\u00eda Elite, Guadalupe Ruiz Salvatierra en la divisi\u00f3n de los 63.500 kilos, Juan Humberto Castro Guti\u00e9rrez en 86 y Jes\u00fas Humberto Arreola Espinoza en 63.<br>En Juvenil intervino Kevin Ontiveros Salmer\u00f3n en 51 kilos y David Cruz Rivera en 60, mientras que en la Infantil Mayor nuestros representantes fueron Ra\u00fal Alberto Villegas J\u00e1uregui en 48 kilos, Krysna Carmina Rubio Pereyra en 42 y Jos\u00e9 Tadeo Moreno Parra en 44.<br>Oliblish Montes y Jos\u00e9 Luis Montes fueron los entrenadores.<br>Fernando \u201cZurdo\u201d Qui\u00f1ones se trajo el cintur\u00f3n en la categor\u00eda Elite en los 75 kilogramos, en la \u00faltima edici\u00f3n del evento realizado en febrero anterior.<\/p>\n","protected":false},"excerpt":{"rendered":"<p>Conquistan tres t\u00edtulos en el torneo internacional \u201cGuerra en la Frontera\u201d Los Mochis, Ahome, Sinaloa, M\u00e9xico, 22 de noviembre de 2021 (IMDA).- El hist\u00f3rico cintur\u00f3n conquistado en febrero pasado por Fernando \u201cZurdo\u201d Qui\u00f1ones en el Torneo \u201cGuerra en la Frontera\u201d, fue superado con creces el fin de semana por los pugilistas ahomenses, al agenciarse tres [&hellip;]<\/p>\n","protected":false},"author":2,"featured_media":5157,"comment_status":"open","ping_status":"open","sticky":false,"template":"","format":"standard","meta":{"_mi_skip_tracking":false,"footnotes":""},"categories":[16],"tags":[884,804,96,21],"class_list":["post-5156","post","type-post","status-publish","format-standard","has-post-thumbnail","hentry","category-accion","tag-aureliano-valenzuela","tag-imda","tag-los-mochis","tag-sinaloa"],"_links":{"self":[{"href":"https:\/\/www.puntociegoeditorial.com\/web\/wp-json\/wp\/v2\/posts\/5156","targetHints":{"allow":["GET"]}}],"collection":[{"href":"https:\/\/www.puntociegoeditorial.com\/web\/wp-json\/wp\/v2\/posts"}],"about":[{"href":"https:\/\/www.puntociegoeditorial.com\/web\/wp-json\/wp\/v2\/types\/post"}],"author":[{"embeddable":true,"href":"https:\/\/www.puntociegoeditorial.com\/web\/wp-json\/wp\/v2\/users\/2"}],"replies":[{"embeddable":true,"href":"https:\/\/www.puntociegoeditorial.com\/web\/wp-json\/wp\/v2\/comments?post=5156"}],"version-history":[{"count":1,"href":"https:\/\/www.puntociegoeditorial.com\/web\/wp-json\/wp\/v2\/posts\/5156\/revisions"}],"predecessor-version":[{"id":5158,"href":"https:\/\/www.puntociegoeditorial.com\/web\/wp-json\/wp\/v2\/posts\/5156\/revisions\/5158"}],"wp:featuredmedia":[{"embeddable":true,"href":"https:\/\/www.puntociegoeditorial.com\/web\/wp-json\/wp\/v2\/media\/5157"}],"wp:attachment":[{"href":"https:\/\/www.puntociegoeditorial.com\/web\/wp-json\/wp\/v2\/media?parent=5156"}],"wp:term":[{"taxonomy":"category","embeddable":true,"href":"https:\/\/www.puntociegoeditorial.com\/web\/wp-json\/wp\/v2\/categories?post=5156"},{"taxonomy":"post_tag","embeddable":true,"href":"https:\/\/www.puntociegoeditorial.com\/web\/wp-json\/wp\/v2\/tags?post=5156"}],"curies":[{"name":"wp","href":"https:\/\/api.w.org\/{rel}","templated":true}]}}