{"id":5167,"date":"2021-11-22T15:32:22","date_gmt":"2021-11-22T22:32:22","guid":{"rendered":"https:\/\/puntociegoeditorial.com\/web\/?p=5167"},"modified":"2021-11-22T15:32:22","modified_gmt":"2021-11-22T22:32:22","slug":"estudiantes-inconformes-con-el-servicio-del-transporte-publico-imju","status":"publish","type":"post","link":"https:\/\/www.puntociegoeditorial.com\/web\/2021\/11\/22\/estudiantes-inconformes-con-el-servicio-del-transporte-publico-imju\/","title":{"rendered":"Estudiantes inconformes con el servicio del transporte p\u00fablico: IMJU"},"content":{"rendered":"\n<p>El Instituto Municipal de la Juventud llev\u00f3 a cabo una serie de encuestas a m\u00e1s de 450 estudiantes de la Universidad Aut\u00f3noma de Sinaloa y la Universidad Aut\u00f3noma de Occidente, para conocer su punto de vista con respecto ai servicio de transporte p\u00fablico urbano.<\/p>\n\n\n\n<p>El Director del IMJU, Erik Zamora Garc\u00eda, manifest\u00f3 que dentro de las preguntas que se hicieron a los alumnos, fue si los camioneros les respetan el descuento que tienen, en donde el 46 por ciento respondi\u00f3 que no.<\/p>\n\n\n\n<p>Adem\u00e1s de eso, Zamora Garc\u00eda inform\u00f3 que otra de las interrogantes fue sobre si el transporte p\u00fablico debe de modernizarse, a lo que el 96 por ciento de los universitarios estuvo de acuerdo.<\/p>\n\n\n\n<p>\u00abPar\u00e1 nosotros como instituci\u00f3n es importante que los j\u00f3venes nos expresen su sentir con respecto al servicio p\u00fablico, nos parece lamentable que haya opiniones negativas, es algo en lo que se tiene que mejorar\u00bb.<\/p>\n\n\n\n<p>El funcionario p\u00fablico puntualiz\u00f3 que desconocen el motivo por el cual los Choferes no cumplen con su trabajo y se niegan a hacer los descuentos, de igual manera, est\u00e1n en acuerdo de que el transporte p\u00fablico debe de tener m\u00e1s calidad, seguridad y comodidad.<\/p>\n","protected":false},"excerpt":{"rendered":"<p>El Instituto Municipal de la Juventud llev\u00f3 a cabo una serie de encuestas a m\u00e1s de 450 estudiantes de la Universidad Aut\u00f3noma de Sinaloa y la Universidad Aut\u00f3noma de Occidente, para conocer su punto de vista con respecto ai servicio de transporte p\u00fablico urbano. El Director del IMJU, Erik Zamora Garc\u00eda, manifest\u00f3 que dentro de [&hellip;]<\/p>\n","protected":false},"author":7,"featured_media":5170,"comment_status":"open","ping_status":"open","sticky":false,"template":"","format":"standard","meta":{"_mi_skip_tracking":false,"footnotes":""},"categories":[1],"tags":[],"class_list":["post-5167","post","type-post","status-publish","format-standard","has-post-thumbnail","hentry","category-uncategorized"],"_links":{"self":[{"href":"https:\/\/www.puntociegoeditorial.com\/web\/wp-json\/wp\/v2\/posts\/5167","targetHints":{"allow":["GET"]}}],"collection":[{"href":"https:\/\/www.puntociegoeditorial.com\/web\/wp-json\/wp\/v2\/posts"}],"about":[{"href":"https:\/\/www.puntociegoeditorial.com\/web\/wp-json\/wp\/v2\/types\/post"}],"author":[{"embeddable":true,"href":"https:\/\/www.puntociegoeditorial.com\/web\/wp-json\/wp\/v2\/users\/7"}],"replies":[{"embeddable":true,"href":"https:\/\/www.puntociegoeditorial.com\/web\/wp-json\/wp\/v2\/comments?post=5167"}],"version-history":[{"count":1,"href":"https:\/\/www.puntociegoeditorial.com\/web\/wp-json\/wp\/v2\/posts\/5167\/revisions"}],"predecessor-version":[{"id":5171,"href":"https:\/\/www.puntociegoeditorial.com\/web\/wp-json\/wp\/v2\/posts\/5167\/revisions\/5171"}],"wp:featuredmedia":[{"embeddable":true,"href":"https:\/\/www.puntociegoeditorial.com\/web\/wp-json\/wp\/v2\/media\/5170"}],"wp:attachment":[{"href":"https:\/\/www.puntociegoeditorial.com\/web\/wp-json\/wp\/v2\/media?parent=5167"}],"wp:term":[{"taxonomy":"category","embeddable":true,"href":"https:\/\/www.puntociegoeditorial.com\/web\/wp-json\/wp\/v2\/categories?post=5167"},{"taxonomy":"post_tag","embeddable":true,"href":"https:\/\/www.puntociegoeditorial.com\/web\/wp-json\/wp\/v2\/tags?post=5167"}],"curies":[{"name":"wp","href":"https:\/\/api.w.org\/{rel}","templated":true}]}}