{"id":5189,"date":"2021-11-22T18:05:20","date_gmt":"2021-11-23T01:05:20","guid":{"rendered":"https:\/\/puntociegoeditorial.com\/web\/?p=5189"},"modified":"2021-11-22T22:13:47","modified_gmt":"2021-11-23T05:13:47","slug":"en-diciembre-visitara-amlo-sinaloa","status":"publish","type":"post","link":"https:\/\/www.puntociegoeditorial.com\/web\/2021\/11\/22\/en-diciembre-visitara-amlo-sinaloa\/","title":{"rendered":"En Diciembre visitar\u00e1 AMLO Sinaloa"},"content":{"rendered":"\n<p>Fabricio Urias.-<\/p>\n\n\n\n<p>Mazatl\u00e1n, Sin.&#8211; Durante la ma\u00f1anera de este lunes en su tercera conferencia \u00absemanera\u00bb desde el puerto de Mazatl\u00e1n, el Gobernador Rub\u00e9n Rocha Moya inform\u00f3 que el Presidente Andr\u00e9s Manuel L\u00f3pez Obrador visitar\u00e1 de nueva cuenta el Estado en un gira de trabajo en el mes de diciembre.<\/p>\n\n\n\n<p>Aunque no precis\u00f3 el d\u00eda exacto, el mandatario estatal coment\u00f3 que L\u00f3pez Obrador realizar\u00e1 una gira de supervisi\u00f3n por el sur del estado para constatar los avances de las obras hidr\u00e1ulicas que comprenden las presas Santa Mar\u00eda y Picachos.<\/p>\n\n\n\n<p>\u00abComentarles que esencialmente el Presidente vienen a supervisar los trabajos de las dos presas, ese es el primer tema y hasta ahorita el \u00fanico anunciado para venir a Mazatl\u00e1n. Viene en diciembre solo quedamos en el mes y no, no viene el 28 ese es el d\u00eda de los inocentes\u00bb.<\/p>\n\n\n\n<p>Es de se\u00f1alar que esta ser\u00eda la 19na. ocasi\u00f3n que AMLO visite de manera oficial Sinaloa desde 2018 a la fecha, a\u00f1o en el que asumi\u00f3 la presidencia de la Rep\u00fablica.<\/p>\n","protected":false},"excerpt":{"rendered":"<p>Fabricio Urias.- Mazatl\u00e1n, Sin.&#8211; Durante la ma\u00f1anera de este lunes en su tercera conferencia \u00absemanera\u00bb desde el puerto de Mazatl\u00e1n, el Gobernador Rub\u00e9n Rocha Moya inform\u00f3 que el Presidente Andr\u00e9s Manuel L\u00f3pez Obrador visitar\u00e1 de nueva cuenta el Estado en un gira de trabajo en el mes de diciembre. Aunque no precis\u00f3 el d\u00eda exacto, [&hellip;]<\/p>\n","protected":false},"author":2,"featured_media":5190,"comment_status":"open","ping_status":"open","sticky":false,"template":"","format":"standard","meta":{"_mi_skip_tracking":false,"footnotes":""},"categories":[20,13],"tags":[192,206,134,21],"class_list":["post-5189","post","type-post","status-publish","format-standard","has-post-thumbnail","hentry","category-principales","category-sinaloa","tag-andres-manuel-lopez-obrador","tag-mazatlan","tag-ruben-rocha-moya","tag-sinaloa"],"_links":{"self":[{"href":"https:\/\/www.puntociegoeditorial.com\/web\/wp-json\/wp\/v2\/posts\/5189","targetHints":{"allow":["GET"]}}],"collection":[{"href":"https:\/\/www.puntociegoeditorial.com\/web\/wp-json\/wp\/v2\/posts"}],"about":[{"href":"https:\/\/www.puntociegoeditorial.com\/web\/wp-json\/wp\/v2\/types\/post"}],"author":[{"embeddable":true,"href":"https:\/\/www.puntociegoeditorial.com\/web\/wp-json\/wp\/v2\/users\/2"}],"replies":[{"embeddable":true,"href":"https:\/\/www.puntociegoeditorial.com\/web\/wp-json\/wp\/v2\/comments?post=5189"}],"version-history":[{"count":1,"href":"https:\/\/www.puntociegoeditorial.com\/web\/wp-json\/wp\/v2\/posts\/5189\/revisions"}],"predecessor-version":[{"id":5191,"href":"https:\/\/www.puntociegoeditorial.com\/web\/wp-json\/wp\/v2\/posts\/5189\/revisions\/5191"}],"wp:featuredmedia":[{"embeddable":true,"href":"https:\/\/www.puntociegoeditorial.com\/web\/wp-json\/wp\/v2\/media\/5190"}],"wp:attachment":[{"href":"https:\/\/www.puntociegoeditorial.com\/web\/wp-json\/wp\/v2\/media?parent=5189"}],"wp:term":[{"taxonomy":"category","embeddable":true,"href":"https:\/\/www.puntociegoeditorial.com\/web\/wp-json\/wp\/v2\/categories?post=5189"},{"taxonomy":"post_tag","embeddable":true,"href":"https:\/\/www.puntociegoeditorial.com\/web\/wp-json\/wp\/v2\/tags?post=5189"}],"curies":[{"name":"wp","href":"https:\/\/api.w.org\/{rel}","templated":true}]}}