{"id":5195,"date":"2021-11-22T18:08:19","date_gmt":"2021-11-23T01:08:19","guid":{"rendered":"https:\/\/puntociegoeditorial.com\/web\/?p=5195"},"modified":"2021-11-22T18:08:19","modified_gmt":"2021-11-23T01:08:19","slug":"obra-ganadora-del-concurso-calles-mas-seguras-sinaloa-en-crucero-de-americas-y-universitarios-esta-lista-para-inaugurarse","status":"publish","type":"post","link":"https:\/\/www.puntociegoeditorial.com\/web\/2021\/11\/22\/obra-ganadora-del-concurso-calles-mas-seguras-sinaloa-en-crucero-de-americas-y-universitarios-esta-lista-para-inaugurarse\/","title":{"rendered":"Obra ganadora del concurso Calles M\u00e1s Seguras Sinaloa en crucero de Am\u00e9ricas y Universitarios, est\u00e1 lista para inaugurarse"},"content":{"rendered":"\n<p>Culiac\u00e1n, Sin., a 22 de noviembre de 2021.- El proyecto ganador del primer lugar del concurso \u201cCalles M\u00e1s Seguras Sinaloa\u201d que al d\u00eda de hoy es ya una obra civil, se encuentra pr\u00f3xima a inaugurarse, luego de que el municipio de Culiac\u00e1n fuera galardonado con esta primera posici\u00f3n en la convocatoria lanzada por RefleAcciona con Responsabilidad A.C. y C\u00e9ntrico, de la mano de la Secretar\u00eda de Desarrollo Sustentable.<\/p>\n\n\n\n<p>Al respecto, el titular de la Direcci\u00f3n de Movilidad en el municipio, Armando Valdez Acosta, se\u00f1al\u00f3 que esta obra busca proteger la vida de ni\u00f1as, ni\u00f1os y j\u00f3venes de la localidad, as\u00ed como de toda la poblaci\u00f3n que usa la intersecci\u00f3n de Calzada Las Am\u00e9ricas y bulevar Universitarios, esto mediante la implementaci\u00f3n de una infraestructura vial segura, accesible y confortable.<\/p>\n\n\n\n<p>Asimismo, dijo que para la ejecuci\u00f3n exitosa de la obra ganadora ser\u00e1 necesaria la participaci\u00f3n del \u00e1rea de Seguridad P\u00fablica y Tr\u00e1nsito Municipal mediante el apoyo del personal como la participaci\u00f3n de educadoras viales que muestren a los ciudadanos beneficiarios de este proyecto la importancia de la seguridad vial y de la movilidad activa, como el caminar o usar la bicicleta para trasladarse de un punto a otro.<\/p>\n\n\n\n<p>A prop\u00f3sito de los beneficios de dicha intervenci\u00f3n urbana, explic\u00f3 que se busc\u00f3 reducir la velocidad de los veh\u00edculos que dan vuelta o cruzan para as\u00ed disminuir el riesgo para los usuarios vulnerables de la v\u00eda, pues recordemos que 2022 ha sido declarado por el Gobierno de Culiac\u00e1n como el A\u00f1o de los Derechos del Peat\u00f3n.<\/p>\n\n\n\n<p>Con esto, tambi\u00e9n se busca que la circulaci\u00f3n de los autos sea m\u00e1s ordenada, con una mejor distribuci\u00f3n y una debida se\u00f1alizaci\u00f3n de los espacios: para autos, para bicicletas y para cruces peatonales, tal y como lo ha instruido el alcalde Lic. Jes\u00fas Estrada Ferreiro.<\/p>\n\n\n\n<p>Por todo lo antes mencionado, ser\u00e1 muy importante la participaci\u00f3n de la polic\u00eda de tr\u00e1nsito, pues ellos garantizar\u00e1n que se respeten estas se\u00f1alizaciones y se ordene el flujo de peatones, ciclistas y automovilistas en una zona de Culiac\u00e1n que antes era considerada de alto riesgo para quienes la transitan.<\/p>\n\n\n\n<p>Finalmente, Valdez Acosta, detall\u00f3 esta obra es un precedente importante a nivel nacional sobre c\u00f3mo la reducci\u00f3n de velocidades y la reestructuraci\u00f3n de la v\u00eda puede mejorar la calidad de vida de la ciudadan\u00eda mediante una seguridad vial real y efectiva.<\/p>\n\n\n\n<p>Ser\u00e1 en los pr\u00f3ximos d\u00edas cuando se finalice con los detalles de pintura de se\u00f1alizaci\u00f3n en ciclov\u00eda, pues la que atraviesa por las Am\u00e9ricas conectar\u00e1 con la de Jard\u00edn Bot\u00e1nico, adem\u00e1s se complementar\u00e1 lo que haga falta, precis\u00f3 el funcionario municipal dejando en claro que la obra civil ya est\u00e1 lista, solo es en pintura lo que se est\u00e1 trabajando para que a la brevedad sea inaugurada por el presidente municipal Lic. Jes\u00fas Estrada Ferreiro.<\/p>\n","protected":false},"excerpt":{"rendered":"<p>Culiac\u00e1n, Sin., a 22 de noviembre de 2021.- El proyecto ganador del primer lugar del concurso \u201cCalles M\u00e1s Seguras Sinaloa\u201d que al d\u00eda de hoy es ya una obra civil, se encuentra pr\u00f3xima a inaugurarse, luego de que el municipio de Culiac\u00e1n fuera galardonado con esta primera posici\u00f3n en la convocatoria lanzada por RefleAcciona con [&hellip;]<\/p>\n","protected":false},"author":2,"featured_media":5196,"comment_status":"open","ping_status":"open","sticky":false,"template":"","format":"standard","meta":{"_mi_skip_tracking":false,"footnotes":""},"categories":[12],"tags":[26,59,930],"class_list":["post-5195","post","type-post","status-publish","format-standard","has-post-thumbnail","hentry","category-ciudad","tag-culiacan","tag-jesus-estrada-ferreiro","tag-secretaria-de-desarrollo-sustentable"],"_links":{"self":[{"href":"https:\/\/www.puntociegoeditorial.com\/web\/wp-json\/wp\/v2\/posts\/5195","targetHints":{"allow":["GET"]}}],"collection":[{"href":"https:\/\/www.puntociegoeditorial.com\/web\/wp-json\/wp\/v2\/posts"}],"about":[{"href":"https:\/\/www.puntociegoeditorial.com\/web\/wp-json\/wp\/v2\/types\/post"}],"author":[{"embeddable":true,"href":"https:\/\/www.puntociegoeditorial.com\/web\/wp-json\/wp\/v2\/users\/2"}],"replies":[{"embeddable":true,"href":"https:\/\/www.puntociegoeditorial.com\/web\/wp-json\/wp\/v2\/comments?post=5195"}],"version-history":[{"count":1,"href":"https:\/\/www.puntociegoeditorial.com\/web\/wp-json\/wp\/v2\/posts\/5195\/revisions"}],"predecessor-version":[{"id":5197,"href":"https:\/\/www.puntociegoeditorial.com\/web\/wp-json\/wp\/v2\/posts\/5195\/revisions\/5197"}],"wp:featuredmedia":[{"embeddable":true,"href":"https:\/\/www.puntociegoeditorial.com\/web\/wp-json\/wp\/v2\/media\/5196"}],"wp:attachment":[{"href":"https:\/\/www.puntociegoeditorial.com\/web\/wp-json\/wp\/v2\/media?parent=5195"}],"wp:term":[{"taxonomy":"category","embeddable":true,"href":"https:\/\/www.puntociegoeditorial.com\/web\/wp-json\/wp\/v2\/categories?post=5195"},{"taxonomy":"post_tag","embeddable":true,"href":"https:\/\/www.puntociegoeditorial.com\/web\/wp-json\/wp\/v2\/tags?post=5195"}],"curies":[{"name":"wp","href":"https:\/\/api.w.org\/{rel}","templated":true}]}}