{"id":5201,"date":"2021-11-22T18:11:12","date_gmt":"2021-11-23T01:11:12","guid":{"rendered":"https:\/\/puntociegoeditorial.com\/web\/?p=5201"},"modified":"2021-11-22T22:13:27","modified_gmt":"2021-11-23T05:13:27","slug":"aprueban-comisiones-crear-fiscalia-especializada-en-atencion-a-mujeres","status":"publish","type":"post","link":"https:\/\/www.puntociegoeditorial.com\/web\/2021\/11\/22\/aprueban-comisiones-crear-fiscalia-especializada-en-atencion-a-mujeres\/","title":{"rendered":"Aprueban Comisiones crear Fiscal\u00eda Especializada en Atenci\u00f3n a Mujeres"},"content":{"rendered":"\n<p>De forma un\u00e1nime, Comisiones unidas de Puntos Constitucionales y Gobernaci\u00f3n, de Justicia y de Seguridad P\u00fablica, del Congreso del Estado de Sinaloa, aprobaron crear la Fiscal\u00eda Especializada en Atenci\u00f3n a Mujeres V\u00edctimas del Delito por Razones de G\u00e9nero.<br>Diputadas y diputados, en sesi\u00f3n de Comisiones, resolvieron pertinente aprobar las modificaciones de las leyes org\u00e1nicas de la Fiscal\u00eda General y del Poder Judicial, ambas del Estado de Sinaloa, para regular la creaci\u00f3n de la Fiscal\u00eda Especializada en Atenci\u00f3n a Mujeres V\u00edctimas del Delito por Razones de G\u00e9nero.<br>Con estas modificaciones se regula la creaci\u00f3n de la Fiscal\u00eda Especializada y se dota de competencia al poder Judicial, con el objeto de que conozca este de la comisi\u00f3n de los delitos que resulten a consecuencia de las investigaciones y en el ejercicio de la acci\u00f3n penal en busca de impartici\u00f3n de justicia.<br>Corresponde a la Fiscal\u00eda Especializada en Atenci\u00f3n a Mujeres V\u00edctimas del Delito por Razones de G\u00e9nero, la realizaci\u00f3n de las atribuciones siguientes:<br>El ejercicio de las atribuciones a que se refiere el Art\u00edculo 6 de la Ley Org\u00e1nica de la Fiscal\u00eda General, cuando se trate de hechos en los que se haya privado de la vida a mujeres por razones de violencia de g\u00e9nero. Igualmente, en los casos de los siguientes hechos o conductas delictivas en que la v\u00edctima sea mujer.<br>*Que atenten contra la libertad y seguridad sexual y el normal desarrollo psicosexual.<br>*Violencia familiar.<br>*Que atenten contra la obligaci\u00f3n alimentaria.<br>*Desaparici\u00f3n de mujeres respecto de hechos no vinculados a la delincuencia organizada, y<br>*Discriminaci\u00f3n por razones de g\u00e9nero.<br>Comisiones unidas de Puntos Constitucionales y Gobernaci\u00f3n, de Justicia y de Seguridad P\u00fablica, dictaminaron tres iniciativas: una presentada por Rub\u00e9n Rocha Moya, Gobernador Constitucional del Estado de Sinaloa.<br>La segunda iniciativa, fue presentada por la diputada de Morena, Mar\u00eda Victoria S\u00e1nchez Pe\u00f1a, y la tercera, por el grupo parlamentario del PAS, que coordina Alba Virgen Montes \u00c1lvarez.<br>El dictamen aprobado por Comisiones unidas, ser\u00e1 presentado ante el Pleno del Congreso, para su lectura, discusi\u00f3n y votaci\u00f3n.<\/p>\n","protected":false},"excerpt":{"rendered":"<p>De forma un\u00e1nime, Comisiones unidas de Puntos Constitucionales y Gobernaci\u00f3n, de Justicia y de Seguridad P\u00fablica, del Congreso del Estado de Sinaloa, aprobaron crear la Fiscal\u00eda Especializada en Atenci\u00f3n a Mujeres V\u00edctimas del Delito por Razones de G\u00e9nero.Diputadas y diputados, en sesi\u00f3n de Comisiones, resolvieron pertinente aprobar las modificaciones de las leyes org\u00e1nicas de la [&hellip;]<\/p>\n","protected":false},"author":2,"featured_media":5202,"comment_status":"open","ping_status":"open","sticky":false,"template":"","format":"standard","meta":{"_mi_skip_tracking":false,"footnotes":""},"categories":[20,13],"tags":[47,856,931,21],"class_list":["post-5201","post","type-post","status-publish","format-standard","has-post-thumbnail","hentry","category-principales","category-sinaloa","tag-congreso-del-estado","tag-gobierno-del-estado","tag-razones-de-genero","tag-sinaloa"],"_links":{"self":[{"href":"https:\/\/www.puntociegoeditorial.com\/web\/wp-json\/wp\/v2\/posts\/5201","targetHints":{"allow":["GET"]}}],"collection":[{"href":"https:\/\/www.puntociegoeditorial.com\/web\/wp-json\/wp\/v2\/posts"}],"about":[{"href":"https:\/\/www.puntociegoeditorial.com\/web\/wp-json\/wp\/v2\/types\/post"}],"author":[{"embeddable":true,"href":"https:\/\/www.puntociegoeditorial.com\/web\/wp-json\/wp\/v2\/users\/2"}],"replies":[{"embeddable":true,"href":"https:\/\/www.puntociegoeditorial.com\/web\/wp-json\/wp\/v2\/comments?post=5201"}],"version-history":[{"count":1,"href":"https:\/\/www.puntociegoeditorial.com\/web\/wp-json\/wp\/v2\/posts\/5201\/revisions"}],"predecessor-version":[{"id":5203,"href":"https:\/\/www.puntociegoeditorial.com\/web\/wp-json\/wp\/v2\/posts\/5201\/revisions\/5203"}],"wp:featuredmedia":[{"embeddable":true,"href":"https:\/\/www.puntociegoeditorial.com\/web\/wp-json\/wp\/v2\/media\/5202"}],"wp:attachment":[{"href":"https:\/\/www.puntociegoeditorial.com\/web\/wp-json\/wp\/v2\/media?parent=5201"}],"wp:term":[{"taxonomy":"category","embeddable":true,"href":"https:\/\/www.puntociegoeditorial.com\/web\/wp-json\/wp\/v2\/categories?post=5201"},{"taxonomy":"post_tag","embeddable":true,"href":"https:\/\/www.puntociegoeditorial.com\/web\/wp-json\/wp\/v2\/tags?post=5201"}],"curies":[{"name":"wp","href":"https:\/\/api.w.org\/{rel}","templated":true}]}}