{"id":5216,"date":"2021-11-23T09:09:47","date_gmt":"2021-11-23T16:09:47","guid":{"rendered":"https:\/\/puntociegoeditorial.com\/web\/?p=5216"},"modified":"2021-11-23T09:09:47","modified_gmt":"2021-11-23T16:09:47","slug":"alcalde-preside-sesion-extraordinaria-del-consejo-directivo-del-implan","status":"publish","type":"post","link":"https:\/\/www.puntociegoeditorial.com\/web\/2021\/11\/23\/alcalde-preside-sesion-extraordinaria-del-consejo-directivo-del-implan\/","title":{"rendered":"Alcalde preside Sesi\u00f3n Extraordinaria del Consejo Directivo del IMPLAN"},"content":{"rendered":"\n<p>Culiac\u00e1n, Sin., a 22 de noviembre de 2021.- El presidente municipal Lic. Jes\u00fas Estrada Ferreiro encabez\u00f3 la Sesi\u00f3n Extraordinaria del Consejo Directivo del Instituto Municipal de Planeaci\u00f3n Urbana (IMPLAN), donde se inform\u00f3 qui\u00e9nes ser\u00e1n los integrantes del Consejo Directivo por la administraci\u00f3n 2021 &#8211; 2024.<\/p>\n\n\n\n<p>El director general de dicho Instituto Alberto Gerardo Medrano Contreras, record\u00f3 antes que nada, que las atribuciones del IMPLAN est\u00e1n establecidas en la Ley de Ordenamiento Territorial y Desarrollo Urbano de Sinaloa donde el Instituto tiene la atribuci\u00f3n de actualizar, modificar y elaborar los planes y programas de desarrollo urbano de los centros poblados del municipio de Culiac\u00e1n.<\/p>\n\n\n\n<p>Precis\u00f3 que el IMPLAN se rige por tres sistemas municipales, planeaci\u00f3n, proyectos e informaci\u00f3n, siendo con este \u00faltimo el objetivo que el municipio tome las mejores decisiones en materia de desarrollo, pues con base en los \u00faltimos datos de INEGI se detect\u00f3 que actualmente el 22.35 por ciento de las calles del municipio no disponen de banquetas y guarniciones, y el 11 por ciento no disponen de \u00e1rboles, tema en el que el Gobierno de Culiac\u00e1n ya est\u00e1 trabajando.<\/p>\n\n\n\n<p>Por su parte, el alcalde Lic. Jes\u00fas Estrada Ferreiro exhort\u00f3 a los integrantes del IMPLAN a trabajar aun mejor y a ser un organismo aut\u00f3nomo con la mayor cantidad de proyectos ejecutivos propios.<\/p>\n\n\n\n<p>\u201cLa idea que tengo ahorita es la misma que ten\u00eda cuando llegamos la primera vez, necesitamos un IMPLAN donde seamos aut\u00f3nomos, autosuficientes, donde generemos proyectos ejecutivos, inclusive,\u201d recalc\u00f3.<\/p>\n\n\n\n<p>Asimismo, coment\u00f3 que uno de los temas prioritarios en este momento es el del metrob\u00fas, el cual se est\u00e1 socializando con el Gobierno del Estado para que conozcan cu\u00e1les son los beneficios que traer\u00e1 para la capital.<\/p>\n\n\n\n<p>En esta Sesi\u00f3n Extraordinaria se dio a conocer que Jes\u00fas Tesemi Avenda\u00f1o Guerrero ser\u00e1 Jefe de la Unidad de Gesti\u00f3n de Proyectos del IMPLAN quien suple a Luis Castro Castro.<\/p>\n\n\n\n<p>En el caso de consejeros ciudadanos son: Dr. Miguel \u00c1ngel Ley Pineda (Propietario) y Arq. Rafael Yves Vel\u00e1zquez L\u00f3pez (Suplente), Lic. \u00d3scar Ariel Carrillo Echeagaray (Propietario), Ing. Luis Alfonso Gast\u00e9lum Gallardo (Suplente), Arq. Librado Verdugo Valenzuela, (Suplente por definir), Lic. Ren\u00e9 Gonz\u00e1lez Obeso (Propietario), Ing. Aar\u00f3n Alberto Fragozo Guti\u00e9rrez (Suplente), Ing. Javier Antonio Pineda Mendi (Propietario), Ing. Margarito Vega Medina (Suplente), Arq. Salvador Padilla Castillo (Propietario), Arq. Carlos Eduardo Inzunza Valenzuela (Suplente), Arq. Luis \u00c1ngel Gonz\u00e1lez Valenzuela (Suplente), Ing. Oliver Eduardo Chan Dorado (Suplente), Ing. Hugo Ladislao Moreno Gonz\u00e1lez (Propietario), Ing. Jes\u00fas Manuel Rodr\u00edguez Lares (Suplente).<\/p>\n","protected":false},"excerpt":{"rendered":"<p>Culiac\u00e1n, Sin., a 22 de noviembre de 2021.- El presidente municipal Lic. Jes\u00fas Estrada Ferreiro encabez\u00f3 la Sesi\u00f3n Extraordinaria del Consejo Directivo del Instituto Municipal de Planeaci\u00f3n Urbana (IMPLAN), donde se inform\u00f3 qui\u00e9nes ser\u00e1n los integrantes del Consejo Directivo por la administraci\u00f3n 2021 &#8211; 2024. El director general de dicho Instituto Alberto Gerardo Medrano Contreras, [&hellip;]<\/p>\n","protected":false},"author":2,"featured_media":5217,"comment_status":"open","ping_status":"open","sticky":false,"template":"","format":"standard","meta":{"_mi_skip_tracking":false,"footnotes":""},"categories":[12],"tags":[26,408,59,243],"class_list":["post-5216","post","type-post","status-publish","format-standard","has-post-thumbnail","hentry","category-ciudad","tag-culiacan","tag-implan","tag-jesus-estrada-ferreiro","tag-sesion-extraordinaria"],"_links":{"self":[{"href":"https:\/\/www.puntociegoeditorial.com\/web\/wp-json\/wp\/v2\/posts\/5216","targetHints":{"allow":["GET"]}}],"collection":[{"href":"https:\/\/www.puntociegoeditorial.com\/web\/wp-json\/wp\/v2\/posts"}],"about":[{"href":"https:\/\/www.puntociegoeditorial.com\/web\/wp-json\/wp\/v2\/types\/post"}],"author":[{"embeddable":true,"href":"https:\/\/www.puntociegoeditorial.com\/web\/wp-json\/wp\/v2\/users\/2"}],"replies":[{"embeddable":true,"href":"https:\/\/www.puntociegoeditorial.com\/web\/wp-json\/wp\/v2\/comments?post=5216"}],"version-history":[{"count":1,"href":"https:\/\/www.puntociegoeditorial.com\/web\/wp-json\/wp\/v2\/posts\/5216\/revisions"}],"predecessor-version":[{"id":5218,"href":"https:\/\/www.puntociegoeditorial.com\/web\/wp-json\/wp\/v2\/posts\/5216\/revisions\/5218"}],"wp:featuredmedia":[{"embeddable":true,"href":"https:\/\/www.puntociegoeditorial.com\/web\/wp-json\/wp\/v2\/media\/5217"}],"wp:attachment":[{"href":"https:\/\/www.puntociegoeditorial.com\/web\/wp-json\/wp\/v2\/media?parent=5216"}],"wp:term":[{"taxonomy":"category","embeddable":true,"href":"https:\/\/www.puntociegoeditorial.com\/web\/wp-json\/wp\/v2\/categories?post=5216"},{"taxonomy":"post_tag","embeddable":true,"href":"https:\/\/www.puntociegoeditorial.com\/web\/wp-json\/wp\/v2\/tags?post=5216"}],"curies":[{"name":"wp","href":"https:\/\/api.w.org\/{rel}","templated":true}]}}