{"id":532,"date":"2021-09-02T15:00:20","date_gmt":"2021-09-02T21:00:20","guid":{"rendered":"https:\/\/puntociegoeditorial.com\/web\/?p=532"},"modified":"2021-09-02T15:00:20","modified_gmt":"2021-09-02T21:00:20","slug":"declaratoria-de-desastres-para-sinaloa-podria-darse-la-proxima-semana-gobernador","status":"publish","type":"post","link":"https:\/\/www.puntociegoeditorial.com\/web\/2021\/09\/02\/declaratoria-de-desastres-para-sinaloa-podria-darse-la-proxima-semana-gobernador\/","title":{"rendered":"Declaratoria de desastres para Sinaloa podr\u00eda darse la pr\u00f3xima semana: Gobernador"},"content":{"rendered":"\n<p>Quirino Ordaz Coppel asegura que a\u00fan no se han cuantificado los da\u00f1os que dej\u00f3 el Hurac\u00e1n Nora por su paso en la entidad.<\/p>\n\n\n\n<p>Fabricio Ur\u00edas<\/p>\n\n\n\n<p>Culiac\u00e1n, Sin.&#8211; La declaratoria de desastre a consecuencia del Hurac\u00e1n Nora podr\u00eda estarse otorgando la pr\u00f3xima semana, inform\u00f3 el Gobernador Quirino Ordaz Coppel qui\u00e9n se\u00f1al\u00f3 que esta no se ha emitido debido a que el Gobierno Federal no ha concluido el recuento de los da\u00f1os.<\/p>\n\n\n\n<p>Agreg\u00f3 que las principales afectaciones se ocasionaron en la infraestructura carretera y en la ca\u00edda de algunos puentes debido al desbordamiento de arroyos y r\u00edos como el Baluarte y el Presidio en Municipios del Sur del Estado.<\/p>\n\n\n\n<p>\u00abEstamos esperando a que bajen los niveles de agua para comenzar a evaluar los da\u00f1os que se ocasionaron con el Hurac\u00e1n Nora, las principales afectaciones que tenemos son en carreteras y puentes as\u00ed como en Comunidades y Colonias que sufrieron inundaciones\u00bb respondi\u00f3.<\/p>\n\n\n\n<p>El mandatario estatal a\u00f1adi\u00f3 que est\u00e1n buscando quitar la burocracia del Fondo Nacional de Desastres Naturales (FONDEN) para agilizar el tr\u00e1mite y que los recursos aterricen de manera inmediata en las zonas afectadas.<\/p>\n","protected":false},"excerpt":{"rendered":"<p>Quirino Ordaz Coppel asegura que a\u00fan no se han cuantificado los da\u00f1os que dej\u00f3 el Hurac\u00e1n Nora por su paso en la entidad. Fabricio Ur\u00edas Culiac\u00e1n, Sin.&#8211; La declaratoria de desastre a consecuencia del Hurac\u00e1n Nora podr\u00eda estarse otorgando la pr\u00f3xima semana, inform\u00f3 el Gobernador Quirino Ordaz Coppel qui\u00e9n se\u00f1al\u00f3 que esta no se ha [&hellip;]<\/p>\n","protected":false},"author":2,"featured_media":533,"comment_status":"open","ping_status":"open","sticky":false,"template":"","format":"standard","meta":{"_mi_skip_tracking":false,"footnotes":""},"categories":[13],"tags":[160,53,50,21],"class_list":["post-532","post","type-post","status-publish","format-standard","has-post-thumbnail","hentry","category-sinaloa","tag-fonden","tag-huracan-nora","tag-quirino-ordaz-coppel","tag-sinaloa"],"_links":{"self":[{"href":"https:\/\/www.puntociegoeditorial.com\/web\/wp-json\/wp\/v2\/posts\/532","targetHints":{"allow":["GET"]}}],"collection":[{"href":"https:\/\/www.puntociegoeditorial.com\/web\/wp-json\/wp\/v2\/posts"}],"about":[{"href":"https:\/\/www.puntociegoeditorial.com\/web\/wp-json\/wp\/v2\/types\/post"}],"author":[{"embeddable":true,"href":"https:\/\/www.puntociegoeditorial.com\/web\/wp-json\/wp\/v2\/users\/2"}],"replies":[{"embeddable":true,"href":"https:\/\/www.puntociegoeditorial.com\/web\/wp-json\/wp\/v2\/comments?post=532"}],"version-history":[{"count":1,"href":"https:\/\/www.puntociegoeditorial.com\/web\/wp-json\/wp\/v2\/posts\/532\/revisions"}],"predecessor-version":[{"id":534,"href":"https:\/\/www.puntociegoeditorial.com\/web\/wp-json\/wp\/v2\/posts\/532\/revisions\/534"}],"wp:featuredmedia":[{"embeddable":true,"href":"https:\/\/www.puntociegoeditorial.com\/web\/wp-json\/wp\/v2\/media\/533"}],"wp:attachment":[{"href":"https:\/\/www.puntociegoeditorial.com\/web\/wp-json\/wp\/v2\/media?parent=532"}],"wp:term":[{"taxonomy":"category","embeddable":true,"href":"https:\/\/www.puntociegoeditorial.com\/web\/wp-json\/wp\/v2\/categories?post=532"},{"taxonomy":"post_tag","embeddable":true,"href":"https:\/\/www.puntociegoeditorial.com\/web\/wp-json\/wp\/v2\/tags?post=532"}],"curies":[{"name":"wp","href":"https:\/\/api.w.org\/{rel}","templated":true}]}}