{"id":54115,"date":"2025-04-02T16:17:45","date_gmt":"2025-04-02T23:17:45","guid":{"rendered":"https:\/\/www.puntociegoeditorial.com\/web\/?p=54115"},"modified":"2025-04-03T23:03:27","modified_gmt":"2025-04-04T06:03:27","slug":"merary-villegas-responde-a-acusaciones-del-pri-sobre-afiliacion-a-morena","status":"publish","type":"post","link":"https:\/\/www.puntociegoeditorial.com\/web\/2025\/04\/02\/merary-villegas-responde-a-acusaciones-del-pri-sobre-afiliacion-a-morena\/","title":{"rendered":"Merary Villegas responde a acusaciones del PRI sobre afiliaci\u00f3n a Morena\u2028"},"content":{"rendered":"\n<p>La dirigente de Morena en Sinaloa neg\u00f3 que los programas sociales sean utilizados con fines clientelares.<\/p>\n\n\n\n<p>Culiac\u00e1n, Sin. La presidenta estatal de Morena, Merary Villegas S\u00e1nchez, rechaz\u00f3 las acusaciones de Paola G\u00e1rate Valenzuela, dirigente del PRI en Sinaloa, quien se\u00f1al\u00f3 a integrantes del SNTE de presionar a padres de familia para afiliarse a Morena mientras realizaban tr\u00e1mites para las becas del bienestar.<\/p>\n\n\n\n<p>Villegas asegur\u00f3 que los programas sociales no se utilizan con fines clientelistas y que estos son derechos constitucionales garantizados sin distinci\u00f3n partidista.<\/p>\n\n\n\n<p>La dirigente morenista subray\u00f3 que, si existieran pruebas de tales pr\u00e1cticas, deben presentarse formalmente, ya que condicionar programas sociales a cambio de afiliaciones es un delito.<\/p>\n\n\n\n<p>Concluy\u00f3 remarcando que las acusaciones del PRI carecen de fundamento y que su partido se mantendr\u00e1 enfocado en brindar resultados a la ciudadan\u00eda.<\/p>\n","protected":false},"excerpt":{"rendered":"<p>La dirigente de Morena en Sinaloa neg\u00f3 que los programas sociales sean utilizados con fines clientelares. Culiac\u00e1n, Sin. La presidenta estatal de Morena, Merary Villegas S\u00e1nchez, rechaz\u00f3 las acusaciones de Paola G\u00e1rate Valenzuela, dirigente del PRI en Sinaloa, quien se\u00f1al\u00f3 a integrantes del SNTE de presionar a padres de familia para afiliarse a Morena mientras [&hellip;]<\/p>\n","protected":false},"author":9,"featured_media":54116,"comment_status":"closed","ping_status":"open","sticky":false,"template":"","format":"standard","meta":{"_mi_skip_tracking":false,"footnotes":""},"categories":[13],"tags":[227,379,21],"class_list":["post-54115","post","type-post","status-publish","format-standard","has-post-thumbnail","hentry","category-sinaloa","tag-morena","tag-pri","tag-sinaloa"],"_links":{"self":[{"href":"https:\/\/www.puntociegoeditorial.com\/web\/wp-json\/wp\/v2\/posts\/54115","targetHints":{"allow":["GET"]}}],"collection":[{"href":"https:\/\/www.puntociegoeditorial.com\/web\/wp-json\/wp\/v2\/posts"}],"about":[{"href":"https:\/\/www.puntociegoeditorial.com\/web\/wp-json\/wp\/v2\/types\/post"}],"author":[{"embeddable":true,"href":"https:\/\/www.puntociegoeditorial.com\/web\/wp-json\/wp\/v2\/users\/9"}],"replies":[{"embeddable":true,"href":"https:\/\/www.puntociegoeditorial.com\/web\/wp-json\/wp\/v2\/comments?post=54115"}],"version-history":[{"count":1,"href":"https:\/\/www.puntociegoeditorial.com\/web\/wp-json\/wp\/v2\/posts\/54115\/revisions"}],"predecessor-version":[{"id":54117,"href":"https:\/\/www.puntociegoeditorial.com\/web\/wp-json\/wp\/v2\/posts\/54115\/revisions\/54117"}],"wp:featuredmedia":[{"embeddable":true,"href":"https:\/\/www.puntociegoeditorial.com\/web\/wp-json\/wp\/v2\/media\/54116"}],"wp:attachment":[{"href":"https:\/\/www.puntociegoeditorial.com\/web\/wp-json\/wp\/v2\/media?parent=54115"}],"wp:term":[{"taxonomy":"category","embeddable":true,"href":"https:\/\/www.puntociegoeditorial.com\/web\/wp-json\/wp\/v2\/categories?post=54115"},{"taxonomy":"post_tag","embeddable":true,"href":"https:\/\/www.puntociegoeditorial.com\/web\/wp-json\/wp\/v2\/tags?post=54115"}],"curies":[{"name":"wp","href":"https:\/\/api.w.org\/{rel}","templated":true}]}}