{"id":54119,"date":"2025-04-02T20:17:08","date_gmt":"2025-04-03T03:17:08","guid":{"rendered":"https:\/\/www.puntociegoeditorial.com\/web\/?p=54119"},"modified":"2025-04-03T23:03:31","modified_gmt":"2025-04-04T06:03:31","slug":"acercamos-las-oportunidades-a-las-ninas-ninos-y-jovenes-para-que-estudien-juan-de-dios-gamez","status":"publish","type":"post","link":"https:\/\/www.puntociegoeditorial.com\/web\/2025\/04\/02\/acercamos-las-oportunidades-a-las-ninas-ninos-y-jovenes-para-que-estudien-juan-de-dios-gamez\/","title":{"rendered":"\u00abAcercamos las oportunidades a las ni\u00f1as, ni\u00f1os y j\u00f3venes para que estudien\u00bb: Juan de Dios G\u00e1mez"},"content":{"rendered":"\n<p>Culiac\u00e1n, Sin., 2 de abril de 2025. \u2013 Culiac\u00e1n vivi\u00f3 hoy un d\u00eda hist\u00f3rico con la colocaci\u00f3n de la primera piedra de la construcci\u00f3n de la Secundaria T\u00e9cnica No. 101 en el fraccionamiento Valle Alto. Este hecho representa una gran oportunidad para que las ni\u00f1as y ni\u00f1os de este sector contin\u00faen con sus estudios, destac\u00f3 el alcalde Juan de Dios G\u00e1mez Mend\u00edvil.<\/p>\n\n\n\n<p>Durante el acto protocolario de inicio de obra, el presidente municipal resalt\u00f3 que, gracias al impulso a la educaci\u00f3n de la presidenta Claudia Sheinbaum, a trav\u00e9s de las becas Rita Cetina para estudiantes de nivel b\u00e1sico, y a las inversiones que el gobernador Rub\u00e9n Rocha ha destinado a la construcci\u00f3n de nuevas escuelas, se est\u00e1n acercando oportunidades a la ni\u00f1ez y juventud para que contin\u00faen sus estudios.<\/p>\n\n\n\n<p>Esta obra forma parte del Plan de Reactivaci\u00f3n Econ\u00f3mica para Sinaloa y se construir\u00e1 en una superficie de 3,700 metros cuadrados, en un terreno donado por el Ayuntamiento de Culiac\u00e1n.<\/p>\n\n\n\n<p>Juan de Dios G\u00e1mez reafirm\u00f3 ante los presentes el compromiso de su Gobierno de estar atento a las necesidades de la poblaci\u00f3n y de continuar con el mejoramiento de los entornos y la infraestructura educativa.<\/p>\n\n\n\n<p>Por su parte, el gobernador Rub\u00e9n Rocha reconoci\u00f3 la donaci\u00f3n del terreno por parte del Ayuntamiento, el cual tiene un valor de 30 millones de pesos, mientras que la inversi\u00f3n en la obra representar\u00e1 un desembolso de 100 millones de pesos en beneficio de la comunidad escolar de la zona.<\/p>\n\n\n\n<p>\u00abEste es el material m\u00e1s importante de una escuela: los alumnos y maestros. El presidente municipal, s\u00ed, y tambi\u00e9n los regidores han donado este terreno, donde ya est\u00e1 el desplante de la obra\u00bb, detall\u00f3 Rocha Moya.<\/p>\n\n\n\n<p>En su intervenci\u00f3n, el director del Instituto Sinaloense de la Infraestructura F\u00edsica Educativa (ISIFE), Hugo Echave Meneses, puntualiz\u00f3 que la Secundaria T\u00e9cnica No. 101 beneficiar\u00e1 a 720 alumnos. La construcci\u00f3n incluir\u00e1 dos edificios de dos niveles con 18 aulas, m\u00f3dulos de ba\u00f1os, escaleras, servicios sanitarios, oficinas administrativas, biblioteca, centro de c\u00f3mputo, cafeter\u00eda, dos talleres, una plaza c\u00edvica con techumbre y una cancha deportiva.<\/p>\n","protected":false},"excerpt":{"rendered":"<p>Culiac\u00e1n, Sin., 2 de abril de 2025. \u2013 Culiac\u00e1n vivi\u00f3 hoy un d\u00eda hist\u00f3rico con la colocaci\u00f3n de la primera piedra de la construcci\u00f3n de la Secundaria T\u00e9cnica No. 101 en el fraccionamiento Valle Alto. Este hecho representa una gran oportunidad para que las ni\u00f1as y ni\u00f1os de este sector contin\u00faen con sus estudios, destac\u00f3 [&hellip;]<\/p>\n","protected":false},"author":2,"featured_media":54120,"comment_status":"closed","ping_status":"open","sticky":false,"template":"","format":"standard","meta":{"_mi_skip_tracking":false,"footnotes":""},"categories":[12],"tags":[],"class_list":["post-54119","post","type-post","status-publish","format-standard","has-post-thumbnail","hentry","category-ciudad"],"_links":{"self":[{"href":"https:\/\/www.puntociegoeditorial.com\/web\/wp-json\/wp\/v2\/posts\/54119","targetHints":{"allow":["GET"]}}],"collection":[{"href":"https:\/\/www.puntociegoeditorial.com\/web\/wp-json\/wp\/v2\/posts"}],"about":[{"href":"https:\/\/www.puntociegoeditorial.com\/web\/wp-json\/wp\/v2\/types\/post"}],"author":[{"embeddable":true,"href":"https:\/\/www.puntociegoeditorial.com\/web\/wp-json\/wp\/v2\/users\/2"}],"replies":[{"embeddable":true,"href":"https:\/\/www.puntociegoeditorial.com\/web\/wp-json\/wp\/v2\/comments?post=54119"}],"version-history":[{"count":1,"href":"https:\/\/www.puntociegoeditorial.com\/web\/wp-json\/wp\/v2\/posts\/54119\/revisions"}],"predecessor-version":[{"id":54121,"href":"https:\/\/www.puntociegoeditorial.com\/web\/wp-json\/wp\/v2\/posts\/54119\/revisions\/54121"}],"wp:featuredmedia":[{"embeddable":true,"href":"https:\/\/www.puntociegoeditorial.com\/web\/wp-json\/wp\/v2\/media\/54120"}],"wp:attachment":[{"href":"https:\/\/www.puntociegoeditorial.com\/web\/wp-json\/wp\/v2\/media?parent=54119"}],"wp:term":[{"taxonomy":"category","embeddable":true,"href":"https:\/\/www.puntociegoeditorial.com\/web\/wp-json\/wp\/v2\/categories?post=54119"},{"taxonomy":"post_tag","embeddable":true,"href":"https:\/\/www.puntociegoeditorial.com\/web\/wp-json\/wp\/v2\/tags?post=54119"}],"curies":[{"name":"wp","href":"https:\/\/api.w.org\/{rel}","templated":true}]}}