{"id":57426,"date":"2025-07-11T11:18:12","date_gmt":"2025-07-11T18:18:12","guid":{"rendered":"https:\/\/www.puntociegoeditorial.com\/web\/?p=57426"},"modified":"2025-07-13T23:30:29","modified_gmt":"2025-07-14T06:30:29","slug":"atiende-proteccion-civil-municipal-y-dif-de-culiacan-a-familias-afectadas-por-las-lluvias","status":"publish","type":"post","link":"https:\/\/www.puntociegoeditorial.com\/web\/2025\/07\/11\/atiende-proteccion-civil-municipal-y-dif-de-culiacan-a-familias-afectadas-por-las-lluvias\/","title":{"rendered":"Atiende Protecci\u00f3n Civil Municipal y DIF de Culiac\u00e1n a familias afectadas por las lluvias"},"content":{"rendered":"\n<p>Durante un trabajo de campo se confirma que fueron diez viviendas con da\u00f1os por inundaciones<\/p>\n\n\n\n<p>El Coordinador Municipal de Protecci\u00f3n Civil de Culiac\u00e1n, Jes\u00fas Bill Mendoza Ontiveros, inform\u00f3 que despu\u00e9s de atender la emergencia por las lluvias de ayer, se llev\u00f3 a cabo el trabajo de campo para valorar los da\u00f1os, y confirm\u00f3 que fueron diez familias del fraccionamiento Santa Elena afectadas por la inundaci\u00f3n provocada por el desborde de un canal.<\/p>\n\n\n\n<p>Explic\u00f3 el funcionario municipal que durante las fuertes precipitaciones, se activ\u00f3 de inmediato el operativo de apoyo a la poblaci\u00f3n, en el cual se realizaron recorridos preventivos, y brindaron atenci\u00f3n a alrededor de 50 autom\u00f3viles que quedaron varados en diversas calles inundadas, adem\u00e1s fueron atendidos los reportes de \u00e1rboles y postes ca\u00eddos en algunos sectores de la ciudad.<\/p>\n\n\n\n<p>El d\u00eda de hoy, despu\u00e9s de la emergencia, se acudi\u00f3 al fraccionamiento Santa Elena, donde se ten\u00eda el reporte de afectaciones en viviendas por las lluvias, y mediante un trabajo coordinado con personal del DIF Municipal, se hizo un recorrido para elaborar un censo, y se confirm\u00f3 que fueron diez familias las afectadas, mismas que recibir\u00e1n alg\u00fan tipo de apoyo por parte del Ayuntamiento de Culiac\u00e1n, dio a conocer Jes\u00fas Bill Mendoza.<\/p>\n\n\n\n<p>Dijo que los pron\u00f3sticos indican que seguir\u00e1n las precipitaciones en Culiac\u00e1n y es por ello que Protecci\u00f3n Civil Municipal estar\u00e1 muy pendiente aplicando el plan operativo de lluvias para brindar el apoyo y atenci\u00f3n a las personas que lo necesiten.<\/p>\n\n\n\n<p>Hizo un llamado a la ciudadan\u00eda a tener paciencia y esperar el tiempo necesario para que pase la lluvia, y no arriesgar sus vidas al cruzar calles inundadas y arroyos peligrosos, y puedan llegar con bien a sus hogares.<\/p>\n\n\n\n<p>El titular de PC de Culiac\u00e1n, nuevamente hizo un exhorto a no arrojar basura en los canales y arroyos para evitar inundaciones, y puso como ejemplo el taponamiento con un refrigerador de un canal en la calle Marco de Niza, el cual se desbord\u00f3.<\/p>\n\n\n\n<p>Puso a disposici\u00f3n de la poblaci\u00f3n el n\u00famero 911 para que reporten cualquier emergencia, y puedan recibir el apoyo lo antes posible.<\/p>\n","protected":false},"excerpt":{"rendered":"<p>Durante un trabajo de campo se confirma que fueron diez viviendas con da\u00f1os por inundaciones El Coordinador Municipal de Protecci\u00f3n Civil de Culiac\u00e1n, Jes\u00fas Bill Mendoza Ontiveros, inform\u00f3 que despu\u00e9s de atender la emergencia por las lluvias de ayer, se llev\u00f3 a cabo el trabajo de campo para valorar los da\u00f1os, y confirm\u00f3 que fueron [&hellip;]<\/p>\n","protected":false},"author":2,"featured_media":57427,"comment_status":"closed","ping_status":"open","sticky":false,"template":"","format":"standard","meta":{"_mi_skip_tracking":false,"footnotes":""},"categories":[12],"tags":[],"class_list":["post-57426","post","type-post","status-publish","format-standard","has-post-thumbnail","hentry","category-ciudad"],"_links":{"self":[{"href":"https:\/\/www.puntociegoeditorial.com\/web\/wp-json\/wp\/v2\/posts\/57426","targetHints":{"allow":["GET"]}}],"collection":[{"href":"https:\/\/www.puntociegoeditorial.com\/web\/wp-json\/wp\/v2\/posts"}],"about":[{"href":"https:\/\/www.puntociegoeditorial.com\/web\/wp-json\/wp\/v2\/types\/post"}],"author":[{"embeddable":true,"href":"https:\/\/www.puntociegoeditorial.com\/web\/wp-json\/wp\/v2\/users\/2"}],"replies":[{"embeddable":true,"href":"https:\/\/www.puntociegoeditorial.com\/web\/wp-json\/wp\/v2\/comments?post=57426"}],"version-history":[{"count":1,"href":"https:\/\/www.puntociegoeditorial.com\/web\/wp-json\/wp\/v2\/posts\/57426\/revisions"}],"predecessor-version":[{"id":57428,"href":"https:\/\/www.puntociegoeditorial.com\/web\/wp-json\/wp\/v2\/posts\/57426\/revisions\/57428"}],"wp:featuredmedia":[{"embeddable":true,"href":"https:\/\/www.puntociegoeditorial.com\/web\/wp-json\/wp\/v2\/media\/57427"}],"wp:attachment":[{"href":"https:\/\/www.puntociegoeditorial.com\/web\/wp-json\/wp\/v2\/media?parent=57426"}],"wp:term":[{"taxonomy":"category","embeddable":true,"href":"https:\/\/www.puntociegoeditorial.com\/web\/wp-json\/wp\/v2\/categories?post=57426"},{"taxonomy":"post_tag","embeddable":true,"href":"https:\/\/www.puntociegoeditorial.com\/web\/wp-json\/wp\/v2\/tags?post=57426"}],"curies":[{"name":"wp","href":"https:\/\/api.w.org\/{rel}","templated":true}]}}