{"id":57429,"date":"2025-07-11T11:19:07","date_gmt":"2025-07-11T18:19:07","guid":{"rendered":"https:\/\/www.puntociegoeditorial.com\/web\/?p=57429"},"modified":"2025-07-13T23:30:32","modified_gmt":"2025-07-14T06:30:32","slug":"dif-culiacan-lleva-servicios-de-salud-y-apoyos-a-mas-de-400-personas-en-aguaruto","status":"publish","type":"post","link":"https:\/\/www.puntociegoeditorial.com\/web\/2025\/07\/11\/dif-culiacan-lleva-servicios-de-salud-y-apoyos-a-mas-de-400-personas-en-aguaruto\/","title":{"rendered":"DIF Culiac\u00e1n lleva servicios de salud y apoyos a m\u00e1s de 400 personas en Aguaruto"},"content":{"rendered":"\n<p>Culiac\u00e1n, Sinaloa, 10 de julio de 2025.-\u2028Con el firme compromiso de acercar servicios esenciales a las comunidades que m\u00e1s lo necesitan, el Sistema DIF Culiac\u00e1n llev\u00f3 a cabo una brigada de salud y atenci\u00f3n integral en la sindicatura de Aguaruto, beneficiando a m\u00e1s de 400 habitantes con servicios gratuitos y apoyos funcionales.<\/p>\n\n\n\n<p>Durante la jornada, realizada en las instalaciones de la escuela primaria Rub\u00e9n Jaramillo, se ofrecieron m\u00e1s de mil 300 atenciones gratuitas, entre ellas consultas m\u00e9dicas, de enfermer\u00eda, nutrici\u00f3n, psicolog\u00eda y odontolog\u00eda. Adem\u00e1s, las familias tuvieron acceso a cortes de cabello, asesor\u00eda jur\u00eddica, entrega de despensas y apoyos funcionales como sillas de ruedas, bastones, andaderas y muletas.<\/p>\n\n\n\n<p>El s\u00edndico de Aguaruto, C. Jos\u00e9 Garc\u00eda, agradeci\u00f3 al Sistema DIF municipal por llevar estos servicios a la comunidad y destac\u00f3 la colaboraci\u00f3n constante entre la sindicatura y la instituci\u00f3n para lograr un mayor bienestar para las familias.<\/p>\n\n\n\n<p>Por su parte, la presidenta del DIF Culiac\u00e1n, Ing. Irma Nidya Gasca Aldama, reiter\u00f3 que el objetivo de estas brigadas es mantener una cercan\u00eda constante con la poblaci\u00f3n para conocer sus necesidades de primera mano y, con ello, dise\u00f1ar estrategias de atenci\u00f3n social en coordinaci\u00f3n con el Ayuntamiento.<\/p>\n\n\n\n<p>\u201cTener cercan\u00eda con ustedes, con la gente de Aguaruto, es muy importante para nosotros. Venimos a trabajar en equipo, de la mano de mi esposo Juan de Dios, para que sepan que aqu\u00ed estamos, escuchando y atendiendo sus necesidades\u201d, expres\u00f3.<\/p>\n\n\n\n<p>El evento cont\u00f3 con la presencia del director general del DIF Culiac\u00e1n, Lic. Cirilo Celis Acu\u00f1a; la procuradora de Protecci\u00f3n de Ni\u00f1as, Ni\u00f1os y Adolescentes, Lic. Silvia Zulema Gast\u00e9lum; y el director del plantel anfitri\u00f3n, profesor Benigno Casta\u00f1eda B\u00e1ez.<\/p>\n","protected":false},"excerpt":{"rendered":"<p>Culiac\u00e1n, Sinaloa, 10 de julio de 2025.-\u2028Con el firme compromiso de acercar servicios esenciales a las comunidades que m\u00e1s lo necesitan, el Sistema DIF Culiac\u00e1n llev\u00f3 a cabo una brigada de salud y atenci\u00f3n integral en la sindicatura de Aguaruto, beneficiando a m\u00e1s de 400 habitantes con servicios gratuitos y apoyos funcionales. Durante la jornada, [&hellip;]<\/p>\n","protected":false},"author":2,"featured_media":57430,"comment_status":"closed","ping_status":"open","sticky":false,"template":"","format":"standard","meta":{"_mi_skip_tracking":false,"footnotes":""},"categories":[12],"tags":[],"class_list":["post-57429","post","type-post","status-publish","format-standard","has-post-thumbnail","hentry","category-ciudad"],"_links":{"self":[{"href":"https:\/\/www.puntociegoeditorial.com\/web\/wp-json\/wp\/v2\/posts\/57429","targetHints":{"allow":["GET"]}}],"collection":[{"href":"https:\/\/www.puntociegoeditorial.com\/web\/wp-json\/wp\/v2\/posts"}],"about":[{"href":"https:\/\/www.puntociegoeditorial.com\/web\/wp-json\/wp\/v2\/types\/post"}],"author":[{"embeddable":true,"href":"https:\/\/www.puntociegoeditorial.com\/web\/wp-json\/wp\/v2\/users\/2"}],"replies":[{"embeddable":true,"href":"https:\/\/www.puntociegoeditorial.com\/web\/wp-json\/wp\/v2\/comments?post=57429"}],"version-history":[{"count":1,"href":"https:\/\/www.puntociegoeditorial.com\/web\/wp-json\/wp\/v2\/posts\/57429\/revisions"}],"predecessor-version":[{"id":57431,"href":"https:\/\/www.puntociegoeditorial.com\/web\/wp-json\/wp\/v2\/posts\/57429\/revisions\/57431"}],"wp:featuredmedia":[{"embeddable":true,"href":"https:\/\/www.puntociegoeditorial.com\/web\/wp-json\/wp\/v2\/media\/57430"}],"wp:attachment":[{"href":"https:\/\/www.puntociegoeditorial.com\/web\/wp-json\/wp\/v2\/media?parent=57429"}],"wp:term":[{"taxonomy":"category","embeddable":true,"href":"https:\/\/www.puntociegoeditorial.com\/web\/wp-json\/wp\/v2\/categories?post=57429"},{"taxonomy":"post_tag","embeddable":true,"href":"https:\/\/www.puntociegoeditorial.com\/web\/wp-json\/wp\/v2\/tags?post=57429"}],"curies":[{"name":"wp","href":"https:\/\/api.w.org\/{rel}","templated":true}]}}