{"id":57433,"date":"2025-07-11T11:20:43","date_gmt":"2025-07-11T18:20:43","guid":{"rendered":"https:\/\/www.puntociegoeditorial.com\/web\/?p=57433"},"modified":"2025-07-13T23:30:37","modified_gmt":"2025-07-14T06:30:37","slug":"listo-el-calendario-escolar-2025-2026-para-sinaloa","status":"publish","type":"post","link":"https:\/\/www.puntociegoeditorial.com\/web\/2025\/07\/11\/listo-el-calendario-escolar-2025-2026-para-sinaloa\/","title":{"rendered":"Listo el Calendario Escolar 2025-2026 para Sinaloa"},"content":{"rendered":"\n<p><em>Inician las clases el 1 de septiembre de 2025 y finalizar\u00e1 para las y los alumnos el 10 de julio de 2026<\/em><\/p>\n\n\n\n<pre class=\"wp-block-code\"><code>*Culiac\u00e1n, Sinaloa, a 10 de julio de 2025.-* La Secretar\u00eda de Educaci\u00f3n P\u00fablica y Cultura (SEPyC) dio a conocer el Calendario Escolar 2025-2026 para las escuelas de educaci\u00f3n b\u00e1sica p\u00fablicas y privadas de Sinaloa, que iniciar\u00e1 el 1 de septiembre de 2025, de acuerdo al anuncio de la Presidenta Claudia Sheibaum Pardo de incorporar una semana m\u00e1s de vacaciones y finalizar\u00e1 el 10 de julio de 2026, con un total de 185 d\u00edas efectivos de clases. <\/code><\/pre>\n\n\n\n<p>La Titular de la SEPyC, Gloria Himelda F\u00e9lix Niebla, destac\u00f3 que a diferencia de ciclos anteriores en que iniciaban las clases en agosto, este ciclo escolar iniciar\u00e1n las clases el primero de septiembre, en cumplimiento a la instrucci\u00f3n de la Presidenta de M\u00e9xico, con el objetivo de fortalecer el bienestar f\u00edsico, emocional y familiar de las comunidades escolares.<\/p>\n\n\n\n<p>Explic\u00f3 que el nuevo calendario establece 185 d\u00edas de clases para la educaci\u00f3n inicial, preescolar, primaria y secundaria, durante los cuales se contemplan ocho sesiones ordinarias de Consejos T\u00e9cnicos Escolares (CTE) los d\u00edas: 26 de septiembre, 31 de octubre y 28 de noviembre de 2025; para 2026, las fechas ser\u00e1n el 30 de enero, 27 de febrero, 27 de marzo, 29 de mayo y 26 de junio.<\/p>\n\n\n\n<p>Previamente al inicio del Ciclo Escolar 2025-2026, las y los maestros de educaci\u00f3n b\u00e1sica participar\u00e1n, del 25 al 29 de agosto, en el Consejo T\u00e9cnico Escolar Fase Intensiva.<\/p>\n\n\n\n<p>El 7 de enero de 2026 se llevar\u00e1 a cabo el Taller Intensivo para personal con funciones de direcci\u00f3n; mientras que los d\u00edas 8 y 9 del mismo mes se realizar\u00e1 el Taller Intensivo para personal docente. As\u00ed como, los d\u00edas 13 y 14 de julio, con lo que se finaliza las actividades de las y los maestros.<\/p>\n\n\n\n<p>El nuevo calendario escolar para Educaci\u00f3n B\u00e1sica establece que el 8 de septiembre de 2025 se llevar\u00e1 a cabo la \u201cJornada de concientizaci\u00f3n sobre la gravedad del abuso sexual y el maltrato infantil\u201d.<\/p>\n\n\n\n<p>Este ciclo lectivo comprende suspensiones de actividades los d\u00edas: 16 de septiembre (D\u00eda de la Independencia de M\u00e9xico); el lunes 17 de noviembre (en sustituci\u00f3n del 20 de Noviembre que se conmemora el D\u00eda de la Revoluci\u00f3n Mexicana). En 2026, las suspensiones ser\u00e1n: lunes 2 de febrero (en sustituci\u00f3n del d\u00eda 05, que se conmemora el D\u00eda de la Constituci\u00f3n), lunes 16 de marzo (por el 21 de marzo, D\u00eda del Natalicio de Benito Ju\u00e1rez); en mayo ser\u00e1n los d\u00edas 1 (D\u00eda del Trabajo), el 5 (D\u00eda de la Batalla de Puebla) y el 15 de mayo (D\u00eda de la Maestra y el Maestro).<\/p>\n\n\n\n<p>Las vacaciones de invierno, para las y los alumnos, aplican del lunes 22 de diciembre de 2025 al viernes 09 de enero de 2026, para regresar a las aulas el d\u00eda lunes 12 de enero. En tanto, las vacaciones de Semana Santa ser\u00e1n del 30 de marzo al 10 de abril, reanudando actividades escolares el 13 de abril.<\/p>\n","protected":false},"excerpt":{"rendered":"<p>Inician las clases el 1 de septiembre de 2025 y finalizar\u00e1 para las y los alumnos el 10 de julio de 2026 La Titular de la SEPyC, Gloria Himelda F\u00e9lix Niebla, destac\u00f3 que a diferencia de ciclos anteriores en que iniciaban las clases en agosto, este ciclo escolar iniciar\u00e1n las clases el primero de septiembre, [&hellip;]<\/p>\n","protected":false},"author":2,"featured_media":57434,"comment_status":"closed","ping_status":"open","sticky":false,"template":"","format":"standard","meta":{"_mi_skip_tracking":false,"footnotes":""},"categories":[12],"tags":[],"class_list":["post-57433","post","type-post","status-publish","format-standard","has-post-thumbnail","hentry","category-ciudad"],"_links":{"self":[{"href":"https:\/\/www.puntociegoeditorial.com\/web\/wp-json\/wp\/v2\/posts\/57433","targetHints":{"allow":["GET"]}}],"collection":[{"href":"https:\/\/www.puntociegoeditorial.com\/web\/wp-json\/wp\/v2\/posts"}],"about":[{"href":"https:\/\/www.puntociegoeditorial.com\/web\/wp-json\/wp\/v2\/types\/post"}],"author":[{"embeddable":true,"href":"https:\/\/www.puntociegoeditorial.com\/web\/wp-json\/wp\/v2\/users\/2"}],"replies":[{"embeddable":true,"href":"https:\/\/www.puntociegoeditorial.com\/web\/wp-json\/wp\/v2\/comments?post=57433"}],"version-history":[{"count":1,"href":"https:\/\/www.puntociegoeditorial.com\/web\/wp-json\/wp\/v2\/posts\/57433\/revisions"}],"predecessor-version":[{"id":57435,"href":"https:\/\/www.puntociegoeditorial.com\/web\/wp-json\/wp\/v2\/posts\/57433\/revisions\/57435"}],"wp:featuredmedia":[{"embeddable":true,"href":"https:\/\/www.puntociegoeditorial.com\/web\/wp-json\/wp\/v2\/media\/57434"}],"wp:attachment":[{"href":"https:\/\/www.puntociegoeditorial.com\/web\/wp-json\/wp\/v2\/media?parent=57433"}],"wp:term":[{"taxonomy":"category","embeddable":true,"href":"https:\/\/www.puntociegoeditorial.com\/web\/wp-json\/wp\/v2\/categories?post=57433"},{"taxonomy":"post_tag","embeddable":true,"href":"https:\/\/www.puntociegoeditorial.com\/web\/wp-json\/wp\/v2\/tags?post=57433"}],"curies":[{"name":"wp","href":"https:\/\/api.w.org\/{rel}","templated":true}]}}