{"id":57439,"date":"2025-07-11T11:21:55","date_gmt":"2025-07-11T18:21:55","guid":{"rendered":"https:\/\/www.puntociegoeditorial.com\/web\/?p=57439"},"modified":"2025-07-13T23:30:44","modified_gmt":"2025-07-14T06:30:44","slug":"comision-de-educacion-del-congreso-del-estado-aprueba-al-jurado-calificador-para-el-vii-concurso-estatal-de-oratoria-juan-escutia-2025","status":"publish","type":"post","link":"https:\/\/www.puntociegoeditorial.com\/web\/2025\/07\/11\/comision-de-educacion-del-congreso-del-estado-aprueba-al-jurado-calificador-para-el-vii-concurso-estatal-de-oratoria-juan-escutia-2025\/","title":{"rendered":"Comisi\u00f3n de Educaci\u00f3n del Congreso del Estado aprueba al jurado calificador para el VII Concurso Estatal de Oratoria \u201cJuan Escutia 2025\u201d"},"content":{"rendered":"\n<p>Culiac\u00e1n, Sinaloa. A 10 de julio.- La Comisi\u00f3n de Educaci\u00f3n, Ciencia y Tecnolog\u00eda del Congreso del Estado aprob\u00f3 por unanimidad a las tres personas que conformar\u00e1n el jurado calificador del s\u00e9ptimo concurso de oratoria \u201cJuan Escutia 2025\u201d, cuya fase estatal se llevar\u00e1 a cabo el pr\u00f3ximo 28 de julio.<\/p>\n\n\n\n<p>La reuni\u00f3n, presidida por el diputado Manuel de Jes\u00fas Guerrero Verdugo, cont\u00f3 con la asistencia de cuatro de cinco integrantes de la Comisi\u00f3n, que fueron el diputado Eligio L\u00f3pez Portillo, y las diputadas Luz Ver\u00f3nica Avil\u00e9s Roch\u00edn y Elizabeth Rafaela Montoya Ojeda, quienes aprobaron las propuestas presentadas para evaluar a las y los participantes en esta competencia acad\u00e9mica.<\/p>\n\n\n\n<p>En la reuni\u00f3n se inform\u00f3 que el jurado calificador estar\u00e1 integrado por la maestra Mar\u00eda Teresa Zazueta, licenciada en comunicaci\u00f3n social con especialidad en relaciones p\u00fablicas por la Escuela de Comunicaci\u00f3n Social de Sinaloa y con maestr\u00eda en comunicaci\u00f3n por la Universidad Iberoamericana de la Ciudad de M\u00e9xico.<\/p>\n\n\n\n<p>El segundo integrante ser\u00e1 el maestro Omar Arias P\u00e9rez, licenciado en Historia por la Universidad Aut\u00f3noma de Sinaloa y pasante de la maestr\u00eda en Direcci\u00f3n y Gesti\u00f3n Escolar.<\/p>\n\n\n\n<p>Como tercer miembro del jurado fungir\u00e1 el doctor \u00c9dgar Antonio Velarde Sicairos, licenciado en psicolog\u00eda, pol\u00edticas p\u00fablicas y derecho por la Universidad Aut\u00f3noma de Sinaloa, y cuenta con dos maestr\u00edas y un doctorado en psicoterapia.<\/p>\n\n\n\n<p>Despu\u00e9s de haber conocido los nombres y trayectorias de los candidatos y la candidata, las y los diputados aprobaron por unanimidad la conformaci\u00f3n del jurado de este concurso, y acordaron, delegarles la responsabilidad de establecer los criterios de eliminaci\u00f3n para la competencia, debido a que estos no se especifican en la Convocatoria original. Esta decisi\u00f3n se tom\u00f3 considerando la experiencia de los tres profesionales seleccionados en el manejo de competencias de oratoria.<\/p>\n\n\n\n<p>El presidente de la Comisi\u00f3n, Manuel de Jes\u00fas Guerrero Verdugo, explic\u00f3 que delegar esta responsabilidad permitir\u00e1 que sean los propios expertos quienes determinen las condiciones y el n\u00famero de participantes que avanzar\u00e1n a la final, dependiendo de la cantidad de concursantes que se inscriban.<\/p>\n\n\n\n<p>Cabe mencionar que la eliminatoria estatal de este s\u00e9timo concurso de oratoria se llevar\u00e1 a cabo el pr\u00f3ximo lunes 28 de julio, en las instalaciones del Congreso del Estado, por lo que las y los aspirantes tienen hasta el 18 de julio para inscribirse.<\/p>\n\n\n\n<p>El jurado calificador tendr\u00e1 bajo su responsabilidad elegir a la persona que representar\u00e1 a Sinaloa en el Concurso Nacional de Oratoria \u201cJuan Escutia 2025\u201d, a celebrarse en el Congreso del Estado de Nayarit, el jueves 11 de septiembre de este a\u00f1o.<\/p>\n","protected":false},"excerpt":{"rendered":"<p>Culiac\u00e1n, Sinaloa. A 10 de julio.- La Comisi\u00f3n de Educaci\u00f3n, Ciencia y Tecnolog\u00eda del Congreso del Estado aprob\u00f3 por unanimidad a las tres personas que conformar\u00e1n el jurado calificador del s\u00e9ptimo concurso de oratoria \u201cJuan Escutia 2025\u201d, cuya fase estatal se llevar\u00e1 a cabo el pr\u00f3ximo 28 de julio. La reuni\u00f3n, presidida por el diputado [&hellip;]<\/p>\n","protected":false},"author":2,"featured_media":57440,"comment_status":"closed","ping_status":"open","sticky":false,"template":"","format":"standard","meta":{"_mi_skip_tracking":false,"footnotes":""},"categories":[12],"tags":[],"class_list":["post-57439","post","type-post","status-publish","format-standard","has-post-thumbnail","hentry","category-ciudad"],"_links":{"self":[{"href":"https:\/\/www.puntociegoeditorial.com\/web\/wp-json\/wp\/v2\/posts\/57439","targetHints":{"allow":["GET"]}}],"collection":[{"href":"https:\/\/www.puntociegoeditorial.com\/web\/wp-json\/wp\/v2\/posts"}],"about":[{"href":"https:\/\/www.puntociegoeditorial.com\/web\/wp-json\/wp\/v2\/types\/post"}],"author":[{"embeddable":true,"href":"https:\/\/www.puntociegoeditorial.com\/web\/wp-json\/wp\/v2\/users\/2"}],"replies":[{"embeddable":true,"href":"https:\/\/www.puntociegoeditorial.com\/web\/wp-json\/wp\/v2\/comments?post=57439"}],"version-history":[{"count":1,"href":"https:\/\/www.puntociegoeditorial.com\/web\/wp-json\/wp\/v2\/posts\/57439\/revisions"}],"predecessor-version":[{"id":57441,"href":"https:\/\/www.puntociegoeditorial.com\/web\/wp-json\/wp\/v2\/posts\/57439\/revisions\/57441"}],"wp:featuredmedia":[{"embeddable":true,"href":"https:\/\/www.puntociegoeditorial.com\/web\/wp-json\/wp\/v2\/media\/57440"}],"wp:attachment":[{"href":"https:\/\/www.puntociegoeditorial.com\/web\/wp-json\/wp\/v2\/media?parent=57439"}],"wp:term":[{"taxonomy":"category","embeddable":true,"href":"https:\/\/www.puntociegoeditorial.com\/web\/wp-json\/wp\/v2\/categories?post=57439"},{"taxonomy":"post_tag","embeddable":true,"href":"https:\/\/www.puntociegoeditorial.com\/web\/wp-json\/wp\/v2\/tags?post=57439"}],"curies":[{"name":"wp","href":"https:\/\/api.w.org\/{rel}","templated":true}]}}