{"id":57446,"date":"2025-07-11T11:23:50","date_gmt":"2025-07-11T18:23:50","guid":{"rendered":"https:\/\/www.puntociegoeditorial.com\/web\/?p=57446"},"modified":"2025-07-13T23:30:51","modified_gmt":"2025-07-14T06:30:51","slug":"invitan-a-la-gran-pelea-de-box-sinaloa-con-verde-este-12-de-julio-en-el-polideportivo-juan-s-millan","status":"publish","type":"post","link":"https:\/\/www.puntociegoeditorial.com\/web\/2025\/07\/11\/invitan-a-la-gran-pelea-de-box-sinaloa-con-verde-este-12-de-julio-en-el-polideportivo-juan-s-millan\/","title":{"rendered":"Invitan a la gran pelea de box \u201cSinaloa con Verde\u201d este 12 de julio en el Polideportivo Juan S. Mill\u00e1n"},"content":{"rendered":"\n<p>Culiac\u00e1n, Sin., 10 de julio de 2025. La emoci\u00f3n del boxeo regresa con fuerza a la capital sinaloense con el evento \u201cSinaloa con Verde\u201d, una espectacular cartelera de 17 peleas que tendr\u00e1 lugar este s\u00e1bado 12 de julio en el Polideportivo Juan S. Mill\u00e1n, con apertura de puertas a partir de las 3 de la tarde.<\/p>\n\n\n\n<p>El combate estelar de la tarde estar\u00e1 protagonizado por el sinaloense Marco Verde, quien har\u00e1 su debut oficial en M\u00e9xico enfrentando al colombiano Cristian Montero en una esperada batalla de alto nivel.<\/p>\n\n\n\n<p>Verde, considerado el pr\u00f3ximo rostro del boxeo mexicano, llega con una trayectoria prometedora desde su triunfo en Par\u00eds 2024, que lo ha colocado como un referente internacional.<\/p>\n\n\n\n<p>Durante la rueda de prensa, Brianda Crystal Murillo Meza, directora de Turismo del municipio, expres\u00f3 su entusiasmo:<\/p>\n\n\n\n<p>\u201cHoy nos reunimos para celebrar el debut en M\u00e9xico de este orgullo sinaloense que es Marco Verde. Es un referente ya en el mundo del boxeo y apenas va iniciando. Este evento es de suma importancia para nuestra ciudad, ya que con su apoyo y cobertura, Marco y el deporte estar\u00e1n en boca de todos de manera positiva.\u201d<\/p>\n\n\n\n<p>Por su parte, Michelle Aguilar Ramos, subsecretaria de Promoci\u00f3n y Operaci\u00f3n Tur\u00edstica del Gobierno del Estado, se\u00f1al\u00f3 que este tipo de eventos fortalecen la identidad deportiva de Sinaloa:<\/p>\n\n\n\n<p>\u201cMarco representa no solo el boxeo sinaloense, sino tambi\u00e9n el esfuerzo, la pasi\u00f3n y el orgullo de nuestra gente. Eventos como este nos permiten proyectar a Sinaloa como un destino con alma, donde el turismo deportivo se convierte en una gran oportunidad para atraer visitantes.\u201d<\/p>\n\n\n\n<p>El propio Marco Verde agradeci\u00f3 el respaldo de las autoridades y comparti\u00f3 su emoci\u00f3n por compartir cartelera con compa\u00f1eros de trayectoria amateur como \u00abVeneno\u00bb y \u00abAmaro\u00bb:<\/p>\n\n\n\n<p>\u201cVengo desde amateur y he estado con ellos en muchos torneos, muchos nacionales. Me da felicidad dar el salto y estar con ellos ahora en funciones profesionales. Este s\u00e1bado ser\u00e1 una gran funci\u00f3n para todos, va a haber peleas muy buenas, ninguna ser\u00e1 la excepci\u00f3n.\u201d<\/p>\n\n\n\n<p>A su vez, Cristian Montero manifest\u00f3 sentirse ansioso y emocionado por medirse ante un rival como Verde, destacando que ser\u00e1 un combate de gran nivel en el que el principal beneficiado ser\u00e1 el p\u00fablico asistente.<\/p>\n\n\n\n<p>Adem\u00e1s, el evento coincidir\u00e1 con el cumplea\u00f1os del legendario Julio C\u00e9sar Ch\u00e1vez, considerado uno de los m\u00e1s grandes pugilistas mexicanos, lo que a\u00f1ade un toque especial a la velada.<\/p>\n\n\n\n<p>Como parte de la log\u00edstica previa, la revisi\u00f3n m\u00e9dica de los boxeadores se llevar\u00e1 a cabo el d\u00eda de ma\u00f1ana a las 11:00 de la ma\u00f1ana, seguida del pesaje oficial a las 12:00 del mediod\u00eda en el Hotel Marriott. La pelea estelar ser\u00e1 en peso pactado.<\/p>\n\n\n\n<p>Los boletos est\u00e1n disponibles en taquilla y se espera una gran afluencia de aficionados para presenciar una funci\u00f3n que promete emoci\u00f3n, talento y orgullo sinaloense sobre el ring.<\/p>\n","protected":false},"excerpt":{"rendered":"<p>Culiac\u00e1n, Sin., 10 de julio de 2025. La emoci\u00f3n del boxeo regresa con fuerza a la capital sinaloense con el evento \u201cSinaloa con Verde\u201d, una espectacular cartelera de 17 peleas que tendr\u00e1 lugar este s\u00e1bado 12 de julio en el Polideportivo Juan S. Mill\u00e1n, con apertura de puertas a partir de las 3 de la [&hellip;]<\/p>\n","protected":false},"author":2,"featured_media":57447,"comment_status":"closed","ping_status":"open","sticky":false,"template":"","format":"standard","meta":{"_mi_skip_tracking":false,"footnotes":""},"categories":[16],"tags":[],"class_list":["post-57446","post","type-post","status-publish","format-standard","has-post-thumbnail","hentry","category-accion"],"_links":{"self":[{"href":"https:\/\/www.puntociegoeditorial.com\/web\/wp-json\/wp\/v2\/posts\/57446","targetHints":{"allow":["GET"]}}],"collection":[{"href":"https:\/\/www.puntociegoeditorial.com\/web\/wp-json\/wp\/v2\/posts"}],"about":[{"href":"https:\/\/www.puntociegoeditorial.com\/web\/wp-json\/wp\/v2\/types\/post"}],"author":[{"embeddable":true,"href":"https:\/\/www.puntociegoeditorial.com\/web\/wp-json\/wp\/v2\/users\/2"}],"replies":[{"embeddable":true,"href":"https:\/\/www.puntociegoeditorial.com\/web\/wp-json\/wp\/v2\/comments?post=57446"}],"version-history":[{"count":1,"href":"https:\/\/www.puntociegoeditorial.com\/web\/wp-json\/wp\/v2\/posts\/57446\/revisions"}],"predecessor-version":[{"id":57448,"href":"https:\/\/www.puntociegoeditorial.com\/web\/wp-json\/wp\/v2\/posts\/57446\/revisions\/57448"}],"wp:featuredmedia":[{"embeddable":true,"href":"https:\/\/www.puntociegoeditorial.com\/web\/wp-json\/wp\/v2\/media\/57447"}],"wp:attachment":[{"href":"https:\/\/www.puntociegoeditorial.com\/web\/wp-json\/wp\/v2\/media?parent=57446"}],"wp:term":[{"taxonomy":"category","embeddable":true,"href":"https:\/\/www.puntociegoeditorial.com\/web\/wp-json\/wp\/v2\/categories?post=57446"},{"taxonomy":"post_tag","embeddable":true,"href":"https:\/\/www.puntociegoeditorial.com\/web\/wp-json\/wp\/v2\/tags?post=57446"}],"curies":[{"name":"wp","href":"https:\/\/api.w.org\/{rel}","templated":true}]}}