{"id":57456,"date":"2025-07-12T10:35:38","date_gmt":"2025-07-12T17:35:38","guid":{"rendered":"https:\/\/www.puntociegoeditorial.com\/web\/?p=57456"},"modified":"2025-07-13T23:32:17","modified_gmt":"2025-07-14T06:32:17","slug":"una-visita-muy-positiva-para-todos-los-sinaloenses-la-presencia-de-la-doctora-claudia-sheinbaum-en-culiacan-rector-jesus-maduena-molina","status":"publish","type":"post","link":"https:\/\/www.puntociegoeditorial.com\/web\/2025\/07\/12\/una-visita-muy-positiva-para-todos-los-sinaloenses-la-presencia-de-la-doctora-claudia-sheinbaum-en-culiacan-rector-jesus-maduena-molina\/","title":{"rendered":"Una visita muy positiva para todos los sinaloenses, la presencia de la doctora Claudia Sheinbaum en Culiac\u00e1n: Rector Jes\u00fas Madue\u00f1a Molina"},"content":{"rendered":"\n<p>La visita al estado de la Presidenta de la Rep\u00fablica, doctora Claudia Sheinbaum Pardo, para inaugurar las nuevas Salas de Quir\u00f3fanos y \u00c1rea de Quemados en el Hospital Pedi\u00e1trico IMSS Bienestar de Sinaloa, trajo noticias muy positivas para los sinaloenses, afirm\u00f3 el Rector de la Universidad Aut\u00f3noma de Sinaloa (UAS), doctor Jes\u00fas Madue\u00f1a Molina al asistir como invitado especial al evento.<\/p>\n\n\n\n<p>\u201cComo miembro del \u00e1rea de la Salud, como m\u00e9dico, pero tambi\u00e9n como Rector de la Universidad que forma recurso humano para la salud es muy satisfactorio escuchar lo que acaban de informar el d\u00eda de hoy, no solamente lo que acaban de inaugurar que es de primer mundo y que va a ser para beneficio de todos los ni\u00f1os, sino lo que anunciaron en la inversi\u00f3n en nuevos hospitales del Instituto Mexicano del Seguro Social que eso (\u2026) va a aliviar el rezago en la atenci\u00f3n en salud\u201d, expres\u00f3 Madue\u00f1a Molina.<\/p>\n\n\n\n<p>Indic\u00f3 que est\u00e1n proyectando hospitales del IMSS lo que es muy importante y anunciaron que ya va a empezar el de Guam\u00fachil, adem\u00e1s la delegada del Seguro Social le comparti\u00f3 que en Culiac\u00e1n est\u00e1n por arrancar tambi\u00e9n el nuevo Hospital del Seguro Social y que el antiguo Hospital General lo van a convertir en un hospital de especialidades, lo cual es muy positivo.<\/p>\n\n\n\n<p>\u201cEso sin duda alguna va a ayudar mucho a Sinaloa, a la gente de Culiac\u00e1n y sobre todo a los que necesitan ese tipo de atenciones\u201d, manifest\u00f3 para luego informar que tuvo la oportunidad de saludar a la Presidenta, al Director General del IMSS y al Gobernador del Estado, doctor Rub\u00e9n Rocha Moya.<\/p>\n\n\n\n<p>\u201cEl se\u00f1or gobernador ya plante\u00f3 con la Presidenta el tema de la Universidad y me dice que va avanzando bien (\u2026) en el sentido de lo que estamos padeciendo, que es la parte financiera, la Presidenta lo conoce muy bien porque cuando vino a la Universidad, siendo Jefa de Gobierno, me pregunt\u00f3 cu\u00e1l era el subsidio que recib\u00edamos y le extra\u00f1\u00f3 el recurso que recibimos en base a la matr\u00edcula, ella me lo dijo de manera muy simple, me dijo \u00bfy apoco te alcanza? pues no, le dije, pero ah\u00ed tenemos que seguir trabajando\u201d, declar\u00f3 el Rector.<\/p>\n\n\n\n<p>En esta gira la Presidenta Claudia Sheinbaum Pardo se comprometi\u00f3 a dar justicia laboral al personal de salud en Sinaloa, pues el Gobierno Estatal y Federal trabajan conjuntamente para atender a las y los m\u00e9dicos y enfermeras y enfermeros que se quedaron \u201ccon su contrato precarizado, por honorarios y eventuales\u201d y en eso se ir\u00e1 avanzando poco a poco a trav\u00e9s de IMSS Bienestar porque se trata de una demanda justa.<\/p>\n\n\n\n<p>\u201cHoy estamos aqu\u00ed en Culiac\u00e1n para inaugurar como ya saben esta unidad especial para ni\u00f1os y ni\u00f1as quemados y cuatro quir\u00f3fanos especializados, tienen la \u00faltima tecnolog\u00eda, el \u00faltimo equipo, pero sobre todo tienen a las mejores m\u00e9dicas, m\u00e9dicos, enfermeras y enfermeros, trabajadores de la salud\u201d, dijo y reiter\u00f3 el apoyo de su Gobierno a los que menos tienen a trav\u00e9s de todos los programas de Bienestar.<\/p>\n\n\n\n<p>Por su parte el Gobernador del Estado, Rub\u00e9n Rocha Moya, al dar la bienvenida a la Presidenta enfatiz\u00f3 que su vista es prueba de la consolidaci\u00f3n del proyecto de transformaci\u00f3n de M\u00e9xico.<\/p>\n\n\n\n<p>\u201cEste d\u00eda en que nos honra con su presencia se inauguran nuevos espacios en este Hospital Pedi\u00e1trico de Sinaloa para ampliar las \u00e1reas de quir\u00f3fano y una de atenci\u00f3n especializada para pacientes v\u00edctimas de quemadura que incluye \u00e1rea de ba\u00f1o-terapia que mucho ayudar\u00e1n a mejorar la atenci\u00f3n que aqu\u00ed se presta, esto confirma nuestro compromiso con la salud infantil\u201d, declar\u00f3 el mandatario estatal.<\/p>\n\n\n\n<p>El Director del IMSS Bienestar Alejandro Svarch detall\u00f3 que el Hospital Pedi\u00e1trico de Sinaloa es una de las unidades de tercer nivel m\u00e1s importantes del pa\u00eds, y \u201choy se consolida como el primer hospital p\u00fablico del estado especializado en la atenci\u00f3n pedi\u00e1trica de alta especialidad\u201d, un hospital que no excluye, no cobra y no discrimina donde se realiz\u00f3 una inversi\u00f3n superior a los 500 millones de pesos.<\/p>\n","protected":false},"excerpt":{"rendered":"<p>La visita al estado de la Presidenta de la Rep\u00fablica, doctora Claudia Sheinbaum Pardo, para inaugurar las nuevas Salas de Quir\u00f3fanos y \u00c1rea de Quemados en el Hospital Pedi\u00e1trico IMSS Bienestar de Sinaloa, trajo noticias muy positivas para los sinaloenses, afirm\u00f3 el Rector de la Universidad Aut\u00f3noma de Sinaloa (UAS), doctor Jes\u00fas Madue\u00f1a Molina al [&hellip;]<\/p>\n","protected":false},"author":2,"featured_media":57457,"comment_status":"closed","ping_status":"open","sticky":false,"template":"","format":"standard","meta":{"_mi_skip_tracking":false,"footnotes":""},"categories":[13],"tags":[],"class_list":["post-57456","post","type-post","status-publish","format-standard","has-post-thumbnail","hentry","category-sinaloa"],"_links":{"self":[{"href":"https:\/\/www.puntociegoeditorial.com\/web\/wp-json\/wp\/v2\/posts\/57456","targetHints":{"allow":["GET"]}}],"collection":[{"href":"https:\/\/www.puntociegoeditorial.com\/web\/wp-json\/wp\/v2\/posts"}],"about":[{"href":"https:\/\/www.puntociegoeditorial.com\/web\/wp-json\/wp\/v2\/types\/post"}],"author":[{"embeddable":true,"href":"https:\/\/www.puntociegoeditorial.com\/web\/wp-json\/wp\/v2\/users\/2"}],"replies":[{"embeddable":true,"href":"https:\/\/www.puntociegoeditorial.com\/web\/wp-json\/wp\/v2\/comments?post=57456"}],"version-history":[{"count":1,"href":"https:\/\/www.puntociegoeditorial.com\/web\/wp-json\/wp\/v2\/posts\/57456\/revisions"}],"predecessor-version":[{"id":57458,"href":"https:\/\/www.puntociegoeditorial.com\/web\/wp-json\/wp\/v2\/posts\/57456\/revisions\/57458"}],"wp:featuredmedia":[{"embeddable":true,"href":"https:\/\/www.puntociegoeditorial.com\/web\/wp-json\/wp\/v2\/media\/57457"}],"wp:attachment":[{"href":"https:\/\/www.puntociegoeditorial.com\/web\/wp-json\/wp\/v2\/media?parent=57456"}],"wp:term":[{"taxonomy":"category","embeddable":true,"href":"https:\/\/www.puntociegoeditorial.com\/web\/wp-json\/wp\/v2\/categories?post=57456"},{"taxonomy":"post_tag","embeddable":true,"href":"https:\/\/www.puntociegoeditorial.com\/web\/wp-json\/wp\/v2\/tags?post=57456"}],"curies":[{"name":"wp","href":"https:\/\/api.w.org\/{rel}","templated":true}]}}