{"id":57459,"date":"2025-07-12T10:37:13","date_gmt":"2025-07-12T17:37:13","guid":{"rendered":"https:\/\/www.puntociegoeditorial.com\/web\/?p=57459"},"modified":"2025-07-13T23:32:21","modified_gmt":"2025-07-14T06:32:21","slug":"presidenta-sheinbaum-y-gobernador-rocha-moya-inauguran-nuevas-areas-del-hospital-pediatrico-de-sinaloa","status":"publish","type":"post","link":"https:\/\/www.puntociegoeditorial.com\/web\/2025\/07\/12\/presidenta-sheinbaum-y-gobernador-rocha-moya-inauguran-nuevas-areas-del-hospital-pediatrico-de-sinaloa\/","title":{"rendered":"Presidenta Sheinbaum y Gobernador Rocha Moya inauguran nuevas \u00e1reas del Hospital Pedi\u00e1trico de Sinaloa"},"content":{"rendered":"\n<p>Esto confirma nuestro compromiso con la salud infantil partiendo de la premisa de que no se puede contar con bienestar sin salud, afirm\u00f3 el gobernador Rocha<\/p>\n\n\n\n<p>Viene para Sinaloa una inversi\u00f3n hist\u00f3rica del IMSS Bienestar para construir otro Hospital General en Guam\u00fachil, renovar los 54 quir\u00f3fanos que existen en todos los hospitales p\u00fablicos y ampliar la capacidad del Hospital Psiqui\u00e1trico de Sinaloa<\/p>\n\n\n\n<p>Culiac\u00e1n, Sinaloa, a 11 de julio de 2025.- En su tercera vista a Sinaloa, la presidenta de la Rep\u00fablica, Claudia Sheinbaum Pardo, acompa\u00f1ada por el gobernador Rub\u00e9n Rocha Moya, inaugur\u00f3 las nuevas salas de quir\u00f3fanos y un \u00e1rea para la atenci\u00f3n de ni\u00f1os quemados en el Hospital Pedi\u00e1trico de Sinaloa, nosocomio que fue totalmente sustituido, con una inversi\u00f3n de 508 millones de pesos, y que ahora brinda nuevos servicios, como un a\u00e9rea de hemodi\u00e1lisis pedi\u00e1trica para ni\u00f1os con insuficiencia renal cr\u00f3nica.<\/p>\n\n\n\n<p>Al darle la bienvenida, el gobernador Rocha le dijo a la presidenta Sheinbaum que su presencia es motivo de j\u00fabilo porque sabe que Sinaloa tiene su respaldo. \u201cSu presencia nos reconforta a todas y a todos, es adem\u00e1s la constataci\u00f3n de que, en la defensa y consolidaci\u00f3n del proyecto transformador de Naci\u00f3n, el pueblo de M\u00e9xico y con \u00e9l, Sinaloa avanzamos firmemente unidos y solidarios bajo su liderazgo humanista y democr\u00e1tico\u201d, le agradeci\u00f3.<\/p>\n\n\n\n<p>Sobre las mejoras al Hospital Pedi\u00e1trico de Sinaloa, el mandatario estatal se\u00f1al\u00f3 que los nuevos quir\u00f3fanos y la nueva \u00e1rea para atenci\u00f3n a pacientes v\u00edctimas de quemaduras, que incluye \u00e1reas de ba\u00f1o terapia, ayudar\u00e1n mucho a mejorar la atenci\u00f3n que aqu\u00ed se presta, no s\u00f3lo a menores que radican en Sinaloa, sino que provienen de los vecinos estados tambi\u00e9n.<\/p>\n\n\n\n<p>\u201cEsto confirma nuestro compromiso con la salud infantil partiendo de la premisa de que no se puede contar con bienestar sin salud. Todo ello ha sido posible por su firme liderazgo que ha sabido impulsar con sensibilidad y entereza, pol\u00edticas incluyentes y estrategias diplom\u00e1ticas que son hoy un ejemplo en el \u00e1mbito interno y en el mundo entero y ah\u00ed estamos y estaremos por usted estimada presidenta, codo con codo trabajando por el presente y el futuro de M\u00e9xico y Sinaloa\u201d, le reiter\u00f3 el gobernador Rocha a la presidenta Sheinbaum.<\/p>\n\n\n\n<p>La explicaci\u00f3n estuvo a cargo del director del IMSS Bienestar, Alejandro Svarch P\u00e9rez, quien dijo que con estas mejoras el Hospital Pedi\u00e1trico de Sinaloa se consolida como el primer hospital p\u00fablico del Estado, especializado en la atenci\u00f3n pedi\u00e1trica de alta especialidad de tercer nivel.<\/p>\n\n\n\n<p>Explic\u00f3 que gracias a la inversi\u00f3n de 508 millones de pesos que se hizo para sustituir el vetusto y antiguo hospital, ahora se cuenta con 170 camas y 40 consultorios, y 4 nuevos quir\u00f3fanos que ya operan al 100 por ciento con equipamiento de \u00faltima tecnolog\u00eda<\/p>\n\n\n\n<p>Por otra parte, Svarch P\u00e9rez anunci\u00f3 que viene para Sinaloa una inversi\u00f3n hist\u00f3rica en nuevos proyectos en infraestructura de salud por parte del IMSS Bienestar, como es la sustituci\u00f3n del antiguo Hospital General de Guam\u00fachil, donde se invertir\u00e1n 450 millones de pesos; tambi\u00e9n se destinar\u00e1n otros 180 millones de pesos para hacer funcionar al 100 por ciento los 54 quir\u00f3fanos que existen en los diversos hospitales p\u00fablicos del Estado, los cuales se equipar\u00e1n con el material quir\u00fargico necesario y mejoras en su infraestructura; y el tercer anuncio es la instalaci\u00f3n de 25 camas para ampliar la capacidad de atenci\u00f3n en el Hospital Psiqui\u00e1trico de Sinaloa.<\/p>\n\n\n\n<p>En su mensaje, la presidenta de la Rep\u00fablica, agradeci\u00f3 el c\u00e1lido recibimiento en \u00e9sta su tercera gira de trabajo de Sinaloa, cuyo motivo fue inaugurar estas nuevas instalaciones del Hospital Pedi\u00e1trico de Sinaloa, en la capital del estado.<\/p>\n\n\n\n<p>\u201cHoy estamos aqu\u00ed en Culiac\u00e1n para inaugurar esta unidad especial para ni\u00f1as y ni\u00f1os quemados, y cuatro quir\u00f3fanos especializados, tienen la \u00faltima tecnolog\u00eda, el \u00faltimo equipo, pero sobre todo tienen a las mejores m\u00e9dicas, m\u00e9dicos, enfermeras y enfermeros, trabajadores de la salud\u201d, reconoci\u00f3.<\/p>\n\n\n\n<p>Sheinbaum Pardo tambi\u00e9n se refiri\u00f3 al anuncio que hizo el director general del IMSS Bienestar, Alejandro Svarch, respecto a la inversi\u00f3n que viene para Sinaloa, y que consistir\u00e1 en la construcci\u00f3n de un nuevo hospital en Guam\u00fachil, adem\u00e1s de dedicar cuantiosos recursos para la renovaci\u00f3n de todos los quir\u00f3fanos y sus equipos.<\/p>\n\n\n\n<p>Previo al evento de inauguraci\u00f3n, acompa\u00f1ada por el gobernador Rub\u00e9n Rocha Moya, la presidenta recorri\u00f3 las nuevas salas de quir\u00f3fanos y el \u00e1rea de quemados del hospital, infraestructura m\u00e9dica que dignifica la atenci\u00f3n a ni\u00f1as y ni\u00f1os sinaloenses y refuerza el modelo de salud p\u00fablica con visi\u00f3n humanista.<\/p>\n\n\n\n<p>Durante el evento tambi\u00e9n intervino la secretaria del Bienestar, Ariadna Montiel Reyes, quien se refiri\u00f3 a los diversos programas sociales, tanto a los que ya exist\u00edan en la pasada administraci\u00f3n federal, como los creados por la presidenta Claudia Sheinbaum, que son Mujeres de Bienestar, Becas Rita Cetina, y Salud casa por Casa. Al respecto, inform\u00f3 que en total para Sinaloa se dedicar\u00e1n este a\u00f1o 23 mil millones de pesos, en beneficio de 800 mil sinaloenses de todas las edades y personas con discapacidad.<\/p>\n\n\n\n<p>Tambi\u00e9n acompa\u00f1aron a la presidenta Sheinbaum y al gobernador Rocha en este evento, el secretario de Salud, David Kershenobich Stalnikowitz; el director del IMSS, Zo\u00e9 Robledo; el coordinador general de Programas para el Bienestar, Carlos Torres Rosas; la subsecretaria de Egresos de la SHCP, Bertha G\u00f3mez Castro; el director de BIRMEX, Carlos Alberto Ulloa F\u00e9lix; y como anfitriones, el presidente municipal de Culiac\u00e1n, Juan de Dios G\u00e1mez Mend\u00edvil; y el director del Hospital Pedi\u00e1trico de Sinaloa, Mijail Suarez Arredondo.<\/p>\n","protected":false},"excerpt":{"rendered":"<p>Esto confirma nuestro compromiso con la salud infantil partiendo de la premisa de que no se puede contar con bienestar sin salud, afirm\u00f3 el gobernador Rocha Viene para Sinaloa una inversi\u00f3n hist\u00f3rica del IMSS Bienestar para construir otro Hospital General en Guam\u00fachil, renovar los 54 quir\u00f3fanos que existen en todos los hospitales p\u00fablicos y ampliar [&hellip;]<\/p>\n","protected":false},"author":2,"featured_media":57460,"comment_status":"closed","ping_status":"open","sticky":false,"template":"","format":"standard","meta":{"_mi_skip_tracking":false,"footnotes":""},"categories":[13],"tags":[],"class_list":["post-57459","post","type-post","status-publish","format-standard","has-post-thumbnail","hentry","category-sinaloa"],"_links":{"self":[{"href":"https:\/\/www.puntociegoeditorial.com\/web\/wp-json\/wp\/v2\/posts\/57459","targetHints":{"allow":["GET"]}}],"collection":[{"href":"https:\/\/www.puntociegoeditorial.com\/web\/wp-json\/wp\/v2\/posts"}],"about":[{"href":"https:\/\/www.puntociegoeditorial.com\/web\/wp-json\/wp\/v2\/types\/post"}],"author":[{"embeddable":true,"href":"https:\/\/www.puntociegoeditorial.com\/web\/wp-json\/wp\/v2\/users\/2"}],"replies":[{"embeddable":true,"href":"https:\/\/www.puntociegoeditorial.com\/web\/wp-json\/wp\/v2\/comments?post=57459"}],"version-history":[{"count":1,"href":"https:\/\/www.puntociegoeditorial.com\/web\/wp-json\/wp\/v2\/posts\/57459\/revisions"}],"predecessor-version":[{"id":57461,"href":"https:\/\/www.puntociegoeditorial.com\/web\/wp-json\/wp\/v2\/posts\/57459\/revisions\/57461"}],"wp:featuredmedia":[{"embeddable":true,"href":"https:\/\/www.puntociegoeditorial.com\/web\/wp-json\/wp\/v2\/media\/57460"}],"wp:attachment":[{"href":"https:\/\/www.puntociegoeditorial.com\/web\/wp-json\/wp\/v2\/media?parent=57459"}],"wp:term":[{"taxonomy":"category","embeddable":true,"href":"https:\/\/www.puntociegoeditorial.com\/web\/wp-json\/wp\/v2\/categories?post=57459"},{"taxonomy":"post_tag","embeddable":true,"href":"https:\/\/www.puntociegoeditorial.com\/web\/wp-json\/wp\/v2\/tags?post=57459"}],"curies":[{"name":"wp","href":"https:\/\/api.w.org\/{rel}","templated":true}]}}