{"id":57468,"date":"2025-07-12T10:40:39","date_gmt":"2025-07-12T17:40:39","guid":{"rendered":"https:\/\/www.puntociegoeditorial.com\/web\/?p=57468"},"modified":"2025-07-13T23:32:37","modified_gmt":"2025-07-14T06:32:37","slug":"sinaloa-reconoce-a-la-comandanta-suprema-por-su-respaldo-en-materia-de-seguridad-rocha-moya","status":"publish","type":"post","link":"https:\/\/www.puntociegoeditorial.com\/web\/2025\/07\/12\/sinaloa-reconoce-a-la-comandanta-suprema-por-su-respaldo-en-materia-de-seguridad-rocha-moya\/","title":{"rendered":"Sinaloa reconoce a la Comandanta Suprema por su respaldo en materia de seguridad: Rocha Moya"},"content":{"rendered":"\n<p>Los programas sociales federales reafirman, adem\u00e1s, su liderazgo en pol\u00edtica social, afirm\u00f3 el Gobernador.<\/p>\n\n\n\n<p>Culiac\u00e1n, Sinaloa, a 11 de julio de 2025.- Con un emotivo reconocimiento al firme liderazgo de la Presidenta de la Rep\u00fablica, Claudia Sheinbaum Pardo, este viernes el Gobernador Rub\u00e9n Rocha Moya, agradeci\u00f3 a nombre de las familias sinaloenses, el respaldo y solidaridad que ha mostrado con Sinaloa, al ordenar la presencia de las distintas fuerzas armadas en la entidad.<\/p>\n\n\n\n<p>En el marco de la inauguraci\u00f3n de \u00e1reas m\u00e9dicas en el Hospital Pedi\u00e1trico IMSS &#8211; Bienestar, el mandatario estatal reiter\u00f3 que se continuar\u00e1 trabajando de la mano con el gobierno federal, en los distintos \u00e1mbitos que integran la Cuarta Transformaci\u00f3n.<\/p>\n\n\n\n<p>\u00abLas y los sinaloenses agradecemos a usted, Comandanta Suprema de las Fuerzas Armadas, el haber dispuesto con ese car\u00e1cter de Jefa de las Fuerzas Armadas, que una buena parte de ellas vengan a Sinaloa a contener la violencia y gracias a este acto de autoridad presidencial, estamos poco a poco logr\u00e1ndolo, por todo ello, estimada Presidenta, una vez m\u00e1s, muchas gracias, vamos a seguir en el curso de la transformaci\u00f3n y la construcci\u00f3n del segundo piso, precisamente, de la 4 T, enhorabuena\u00bb, afirm\u00f3.<\/p>\n\n\n\n<p>Adem\u00e1s, Rocha Moya destac\u00f3 los beneficios que los diferentes programas sociales federales han generado entre la ciudadan\u00eda sinaloense, reafirmando la caracter\u00edstica esencial de esta etapa de transformaci\u00f3n del M\u00e9xico moderno.<\/p>\n\n\n\n<p>\u00abEn materia de pol\u00edtica social, su liderazgo se\u00f1ora Presidenta, tambi\u00e9n se ha hecho sentir notablemente, tan solo me refiero a los programas de becas del nivel b\u00e1sico de la educaci\u00f3n p\u00fablica, el Mujeres con Bienestar y el Salud Casa por Casa, que son hoy las mejores insignias de su reconocido esp\u00edritu humanista\u00bb, concluy\u00f3.<\/p>\n","protected":false},"excerpt":{"rendered":"<p>Los programas sociales federales reafirman, adem\u00e1s, su liderazgo en pol\u00edtica social, afirm\u00f3 el Gobernador. Culiac\u00e1n, Sinaloa, a 11 de julio de 2025.- Con un emotivo reconocimiento al firme liderazgo de la Presidenta de la Rep\u00fablica, Claudia Sheinbaum Pardo, este viernes el Gobernador Rub\u00e9n Rocha Moya, agradeci\u00f3 a nombre de las familias sinaloenses, el respaldo y [&hellip;]<\/p>\n","protected":false},"author":2,"featured_media":57469,"comment_status":"closed","ping_status":"open","sticky":false,"template":"","format":"standard","meta":{"_mi_skip_tracking":false,"footnotes":""},"categories":[13],"tags":[],"class_list":["post-57468","post","type-post","status-publish","format-standard","has-post-thumbnail","hentry","category-sinaloa"],"_links":{"self":[{"href":"https:\/\/www.puntociegoeditorial.com\/web\/wp-json\/wp\/v2\/posts\/57468","targetHints":{"allow":["GET"]}}],"collection":[{"href":"https:\/\/www.puntociegoeditorial.com\/web\/wp-json\/wp\/v2\/posts"}],"about":[{"href":"https:\/\/www.puntociegoeditorial.com\/web\/wp-json\/wp\/v2\/types\/post"}],"author":[{"embeddable":true,"href":"https:\/\/www.puntociegoeditorial.com\/web\/wp-json\/wp\/v2\/users\/2"}],"replies":[{"embeddable":true,"href":"https:\/\/www.puntociegoeditorial.com\/web\/wp-json\/wp\/v2\/comments?post=57468"}],"version-history":[{"count":1,"href":"https:\/\/www.puntociegoeditorial.com\/web\/wp-json\/wp\/v2\/posts\/57468\/revisions"}],"predecessor-version":[{"id":57470,"href":"https:\/\/www.puntociegoeditorial.com\/web\/wp-json\/wp\/v2\/posts\/57468\/revisions\/57470"}],"wp:featuredmedia":[{"embeddable":true,"href":"https:\/\/www.puntociegoeditorial.com\/web\/wp-json\/wp\/v2\/media\/57469"}],"wp:attachment":[{"href":"https:\/\/www.puntociegoeditorial.com\/web\/wp-json\/wp\/v2\/media?parent=57468"}],"wp:term":[{"taxonomy":"category","embeddable":true,"href":"https:\/\/www.puntociegoeditorial.com\/web\/wp-json\/wp\/v2\/categories?post=57468"},{"taxonomy":"post_tag","embeddable":true,"href":"https:\/\/www.puntociegoeditorial.com\/web\/wp-json\/wp\/v2\/tags?post=57468"}],"curies":[{"name":"wp","href":"https:\/\/api.w.org\/{rel}","templated":true}]}}