{"id":57490,"date":"2025-07-14T09:32:51","date_gmt":"2025-07-14T16:32:51","guid":{"rendered":"https:\/\/www.puntociegoeditorial.com\/web\/?p=57490"},"modified":"2025-07-14T09:32:51","modified_gmt":"2025-07-14T16:32:51","slug":"expiden-mas-de-700-actas-gratuitas-durante-la-jornada-de-registro-2025-en-culiacan","status":"publish","type":"post","link":"https:\/\/www.puntociegoeditorial.com\/web\/2025\/07\/14\/expiden-mas-de-700-actas-gratuitas-durante-la-jornada-de-registro-2025-en-culiacan\/","title":{"rendered":"Expiden m\u00e1s de 700 actas gratuitas durante la Jornada de Registro 2025 en Culiac\u00e1n"},"content":{"rendered":"\n<p>Culiac\u00e1n, Sinaloa, 13 de julio de 2025.-\u2028Con el firme compromiso de garantizar el derecho a la identidad de ni\u00f1as, ni\u00f1os, adolescentes y adultos, el Sistema DIF Bienestar, en coordinaci\u00f3n con el Registro Nacional de Poblaci\u00f3n (RENAPO) y el Registro Civil, llev\u00f3 a cabo con \u00e9xito la Jornada de Registro Gratuita 2025 en la ciudad de Culiac\u00e1n.<\/p>\n\n\n\n<p>Durante el fin de semana se brindaron servicios como registros de nacimiento, actas de defunci\u00f3n, matrimonios, aclaraciones de actas y reconocimientos de paternidad, beneficiando a cientos de familias que requer\u00edan este tipo de tr\u00e1mites sin costo alguno.<\/p>\n\n\n\n<p>Uno de los momentos m\u00e1s significativos de la jornada fue el caso del se\u00f1or Jos\u00e9 P\u00e1ez Ben\u00edtez, quien despu\u00e9s de 63 a\u00f1os logr\u00f3 obtener por primera vez su acta de nacimiento.<br>\u2028\u201cDe ni\u00f1o me dijeron que me hab\u00edan registrado en el registro civil de Tierra Blanca, pero una t\u00eda mir\u00f3 mi nombre ah\u00ed. Cuando sali\u00f3 la USE esos libros se perdieron y no aparezco yo. Me siento bien, tengo 63 a\u00f1os\u201d, comparti\u00f3 con emoci\u00f3n.<\/p>\n\n\n\n<p>Gracias a este registro, Jos\u00e9 podr\u00e1 acceder a su credencial de elector, as\u00ed como a programas de seguridad social y apoyos de bienestar dirigidos a personas adultas mayores.<\/p>\n\n\n\n<p>La jornada se realiz\u00f3 el s\u00e1bado en la unidad DIF CNOP y continu\u00f3 el domingo en las instalaciones de la Escuela Primaria Bicentenario, en la colonia del mismo nombre.<\/p>\n\n\n\n<p>En total, se expidieron 793 actas, entre las que destacan:<\/p>\n\n\n\n<ul class=\"wp-block-list\">\n<li>36 registros de nacimiento<\/li>\n\n\n\n<li>50 aclaraciones de acta<\/li>\n\n\n\n<li>12 matrimonios legalmente consolidados<\/li>\n\n\n\n<li>7 actas de defunci\u00f3n<\/li>\n\n\n\n<li>1 reconocimiento de paternidad.<\/li>\n<\/ul>\n\n\n\n<p>En el evento estuvieron presentes la Presidenta del Sistema DIF Culiac\u00e1n, Ing. Irma Nidya Gasca Aldama; el Director General de DIF Municipal, Lic. Cirilo Celis Acu\u00f1a; y la Procuradora de Protecci\u00f3n de Ni\u00f1as, Ni\u00f1os y Adolescentes, Silvia Zulema Gast\u00e9lum y la Titular del Registro Civil en Sinaloa Edna Castro.<\/p>\n\n\n\n<p>Con estas acciones, el Sistema DIF reafirma su labor cercana a las familias, promoviendo el acceso a servicios que transforman vidas y brindan certeza jur\u00eddica a quienes m\u00e1s lo necesitan.<\/p>\n","protected":false},"excerpt":{"rendered":"<p>Culiac\u00e1n, Sinaloa, 13 de julio de 2025.-\u2028Con el firme compromiso de garantizar el derecho a la identidad de ni\u00f1as, ni\u00f1os, adolescentes y adultos, el Sistema DIF Bienestar, en coordinaci\u00f3n con el Registro Nacional de Poblaci\u00f3n (RENAPO) y el Registro Civil, llev\u00f3 a cabo con \u00e9xito la Jornada de Registro Gratuita 2025 en la ciudad de [&hellip;]<\/p>\n","protected":false},"author":2,"featured_media":57491,"comment_status":"closed","ping_status":"open","sticky":false,"template":"","format":"standard","meta":{"_mi_skip_tracking":false,"footnotes":""},"categories":[12],"tags":[],"class_list":["post-57490","post","type-post","status-publish","format-standard","has-post-thumbnail","hentry","category-ciudad"],"_links":{"self":[{"href":"https:\/\/www.puntociegoeditorial.com\/web\/wp-json\/wp\/v2\/posts\/57490","targetHints":{"allow":["GET"]}}],"collection":[{"href":"https:\/\/www.puntociegoeditorial.com\/web\/wp-json\/wp\/v2\/posts"}],"about":[{"href":"https:\/\/www.puntociegoeditorial.com\/web\/wp-json\/wp\/v2\/types\/post"}],"author":[{"embeddable":true,"href":"https:\/\/www.puntociegoeditorial.com\/web\/wp-json\/wp\/v2\/users\/2"}],"replies":[{"embeddable":true,"href":"https:\/\/www.puntociegoeditorial.com\/web\/wp-json\/wp\/v2\/comments?post=57490"}],"version-history":[{"count":1,"href":"https:\/\/www.puntociegoeditorial.com\/web\/wp-json\/wp\/v2\/posts\/57490\/revisions"}],"predecessor-version":[{"id":57492,"href":"https:\/\/www.puntociegoeditorial.com\/web\/wp-json\/wp\/v2\/posts\/57490\/revisions\/57492"}],"wp:featuredmedia":[{"embeddable":true,"href":"https:\/\/www.puntociegoeditorial.com\/web\/wp-json\/wp\/v2\/media\/57491"}],"wp:attachment":[{"href":"https:\/\/www.puntociegoeditorial.com\/web\/wp-json\/wp\/v2\/media?parent=57490"}],"wp:term":[{"taxonomy":"category","embeddable":true,"href":"https:\/\/www.puntociegoeditorial.com\/web\/wp-json\/wp\/v2\/categories?post=57490"},{"taxonomy":"post_tag","embeddable":true,"href":"https:\/\/www.puntociegoeditorial.com\/web\/wp-json\/wp\/v2\/tags?post=57490"}],"curies":[{"name":"wp","href":"https:\/\/api.w.org\/{rel}","templated":true}]}}